{"id":30330,"date":"2025-12-15T14:51:14","date_gmt":"2025-12-15T12:51:14","guid":{"rendered":"https:\/\/www.phonedroid.fr\/blog\/?p=30330"},"modified":"2025-12-15T14:51:16","modified_gmt":"2025-12-15T12:51:16","slug":"realme-16-pro-un-design-maitre-signe-naoto-fukasawa","status":"publish","type":"post","link":"https:\/\/www.phonedroid.fr\/blog\/realme-16-pro-un-design-maitre-signe-naoto-fukasawa\/","title":{"rendered":"Realme 16 Pro : un design \u00ab\u00a0ma\u00eetre\u00a0\u00bb sign\u00e9 Naoto Fukasawa"},"content":{"rendered":"\n<p><a href=\"https:\/\/www.phonedroid.fr\/m\/realme-44\">Realme<\/a> acc\u00e9l\u00e8re sa communication autour de la nouvelle s\u00e9rie Realme 16 Pro. Apr\u00e8s avoir \u00e9voqu\u00e9 sa technologie d&rsquo;imagerie couleur \u00ab\u00a0Luma\u00a0\u00bb, la marque d\u00e9voile maintenant le design complet et la disponibilit\u00e9 de ses mod\u00e8les Realme 16 Pro et 16 Pro+. Et pour cette g\u00e9n\u00e9ration, le constructeur a d\u00e9cid\u00e9 de frapper fort sur l&rsquo;esth\u00e9tique en s&rsquo;associant \u00e0 nouveau avec une l\u00e9gende du design.<\/p>\n\n\n\n<hr class=\"wp-block-separator has-alpha-channel-opacity\" \/>\n\n\n\n<h4 class=\"wp-block-heading\"><strong>Le retour du ma\u00eetre Naoto Fukasawa<\/strong><\/h4>\n\n\n\n<p>Pour sculpter l&rsquo;apparence de cette nouvelle gamme, Realme a fait appel au c\u00e9l\u00e8bre designer industriel <strong>Naoto Fukasawa<\/strong>. Connu pour son approche minimaliste, il avait d\u00e9j\u00e0 collabor\u00e9 avec la marque sur les c\u00e9l\u00e8bres \u00ab\u00a0Master Editions\u00a0\u00bb.<\/p>\n\n\n\n<p>Les visuels officiels r\u00e9v\u00e8lent un look tr\u00e8s soign\u00e9. On remarque un jeu de textures int\u00e9ressant avec une finition mate pour le panneau arri\u00e8re, contrastant avec un module cam\u00e9ra brillant. D&rsquo;ailleurs, ce bloc photo n&rsquo;est pas sans rappeler celui du OnePlus 15, mais invers\u00e9 horizontalement, cr\u00e9ant une esth\u00e9tique \u00ab\u00a0bi-ton\u00a0\u00bb tr\u00e8s distincte.<\/p>\n\n\n\n<p>La s\u00e9rie sera disponible dans des coloris \u00e9l\u00e9gants et vari\u00e9s : <strong>Rose Cam\u00e9lia, Violet Orchid\u00e9e, Or Ma\u00eetre et Gris Galet<\/strong>.<\/p>\n\n\n\n<hr class=\"wp-block-separator has-alpha-channel-opacity\" \/>\n\n\n\n<h4 class=\"wp-block-heading\"><strong>Lancement le 6 janvier 2026 ?<\/strong><\/h4>\n\n\n\n<p>Bien que la marque n&rsquo;ait pas encore donn\u00e9 de date mondiale, le lancement indien est attendu pour le <strong>6 janvier 2026<\/strong>. La disponibilit\u00e9 est d&rsquo;ores et d\u00e9j\u00e0 confirm\u00e9e sur la plateforme Flipkart.<\/p>\n\n\n\n<hr class=\"wp-block-separator has-alpha-channel-opacity\" \/>\n\n\n\n<h4 class=\"wp-block-heading\"><strong>Realme 16 Pro+ : une fiche technique muscl\u00e9e<\/strong><\/h4>\n\n\n\n<p>Au-del\u00e0 du design, le mod\u00e8le <strong>Realme 16 Pro+<\/strong> s&rsquo;annonce comme une b\u00eate de course. Selon les informations actuelles, il serait propuls\u00e9 par une puce Snapdragon (potentiellement plus puissante que le 7 Gen 4).<\/p>\n\n\n\n<p>Les rumeurs pointent vers une batterie massive de <strong>7 000 mAh<\/strong> supportant la charge rapide 80W. L&rsquo;avant du t\u00e9l\u00e9phone serait occup\u00e9 par un grand \u00e9cran AMOLED de 6,78 pouces offrant une r\u00e9solution 1.5K et un taux de rafra\u00eechissement de <strong>144Hz<\/strong>, ainsi qu&rsquo;une cam\u00e9ra selfie de 50 Mpx.<\/p>\n\n\n\n<p>\u00c0 l&rsquo;arri\u00e8re, la polyvalence serait de mise avec un triple capteur : un module principal de <strong>200 m\u00e9gapixels<\/strong>, un ultra grand-angle de 8 m\u00e9gapixels et, surtout, un <strong>t\u00e9l\u00e9objectif p\u00e9riscopique<\/strong>, marquant le grand retour de cette technologie sur la gamme.<\/p>\n\n\n\n<hr class=\"wp-block-separator has-alpha-channel-opacity\" \/>\n\n\n\n<h4 class=\"wp-block-heading\"><strong>Conclusion<\/strong><\/h4>\n\n\n\n<p>Realme semble vouloir combiner le meilleur des deux mondes : un design d&rsquo;auteur sign\u00e9 Fukasawa et une fiche technique sans compromis avec une autonomie record. Si le ramage se rapporte au plumage, cette s\u00e9rie Realme 16 Pro pourrait bien \u00eatre l&rsquo;une des plus belles surprises de ce d\u00e9but d&rsquo;ann\u00e9e 2026.<\/p>\n","protected":false},"excerpt":{"rendered":"<p>Realme acc\u00e9l\u00e8re sa communication autour de la nouvelle s\u00e9rie Realme 16 Pro. Apr\u00e8s avoir \u00e9voqu\u00e9 sa technologie d&rsquo;imagerie couleur \u00ab\u00a0Luma\u00a0\u00bb, la marque d\u00e9voile maintenant le design complet et la disponibilit\u00e9 de ses mod\u00e8les Realme 16 Pro et 16 Pro+. Et pour cette g\u00e9n\u00e9ration, le constructeur a d\u00e9cid\u00e9 de frapper fort sur l&rsquo;esth\u00e9tique en s&rsquo;associant \u00e0 [&hellip;]<\/p>\n","protected":false},"author":1,"featured_media":30331,"comment_status":"open","ping_status":"open","sticky":false,"template":"","format":"standard","meta":{"_jetpack_memberships_contains_paid_content":false,"footnotes":""},"categories":[623,4194,4416],"tags":[],"class_list":{"0":"post-30330","1":"post","2":"type-post","3":"status-publish","4":"format-standard","5":"has-post-thumbnail","7":"category-actualite-smartphone-chinois","8":"category-fabricant","9":"category-realme"},"yoast_head":"<!-- This site is optimized with the Yoast SEO plugin v27.5 - https:\/\/yoast.com\/product\/yoast-seo-wordpress\/ -->\n<title>Realme 16 Pro : un design &quot;ma\u00eetre&quot; sign\u00e9 Naoto Fukasawa \u2022 Actualit\u00e9 Smartphone et Tablette - PhoneDroid<\/title>\n<meta name=\"description\" content=\"Realme acc\u00e9l\u00e8re sa communication autour de la nouvelle s\u00e9rie Realme 16 Pro. Apr\u00e8s avoir \u00e9voqu\u00e9 sa technologie d&#039;imagerie couleur &quot;Luma&quot;, la marque d\u00e9voile Realme d\u00e9voile le design de la s\u00e9rie 16 Pro, con\u00e7u par Naoto Fukasawa. D\u00e9couvrez les couleurs \u00e9l\u00e9gantes et les specs du Pro+ (batterie 7000 mAh, \u00e9cran 144Hz) avant le lancement.\" \/>\n<meta name=\"robots\" content=\"index, follow, max-snippet:-1, max-image-preview:large, max-video-preview:-1\" \/>\n<link rel=\"canonical\" href=\"https:\/\/www.phonedroid.fr\/blog\/realme-16-pro-un-design-maitre-signe-naoto-fukasawa\/\" \/>\n<meta property=\"og:locale\" content=\"fr_FR\" \/>\n<meta property=\"og:type\" content=\"article\" \/>\n<meta property=\"og:title\" content=\"Realme 16 Pro : un design &quot;ma\u00eetre&quot; sign\u00e9 Naoto Fukasawa \u2022 Actualit\u00e9 Smartphone et Tablette - PhoneDroid\" \/>\n<meta property=\"og:description\" content=\"Realme acc\u00e9l\u00e8re sa communication autour de la nouvelle s\u00e9rie Realme 16 Pro. Apr\u00e8s avoir \u00e9voqu\u00e9 sa technologie d&#039;imagerie couleur &quot;Luma&quot;, la marque d\u00e9voile Realme d\u00e9voile le design de la s\u00e9rie 16 Pro, con\u00e7u par Naoto Fukasawa. D\u00e9couvrez les couleurs \u00e9l\u00e9gantes et les specs du Pro+ (batterie 7000 mAh, \u00e9cran 144Hz) avant le lancement.\" \/>\n<meta property=\"og:url\" content=\"https:\/\/www.phonedroid.fr\/blog\/realme-16-pro-un-design-maitre-signe-naoto-fukasawa\/\" \/>\n<meta property=\"og:site_name\" content=\"Actualit\u00e9 Smartphone et Tablette - PhoneDroid\" \/>\n<meta property=\"article:publisher\" content=\"https:\/\/www.facebook.com\/pages\/Phonedroidfr\/503759289696160\" \/>\n<meta property=\"article:published_time\" content=\"2025-12-15T12:51:14+00:00\" \/>\n<meta property=\"article:modified_time\" content=\"2025-12-15T12:51:16+00:00\" \/>\n<meta property=\"og:image\" content=\"https:\/\/www.phonedroid.fr\/blog\/wp-content\/uploads\/2025\/12\/Realme-16-Pro-or-Teaser.jpg\" \/>\n\t<meta property=\"og:image:width\" content=\"1200\" \/>\n\t<meta property=\"og:image:height\" content=\"675\" \/>\n\t<meta property=\"og:image:type\" content=\"image\/jpeg\" \/>\n<meta name=\"author\" content=\"PhoneDroid\" \/>\n<meta name=\"twitter:label1\" content=\"\u00c9crit par\" \/>\n\t<meta name=\"twitter:data1\" content=\"PhoneDroid\" \/>\n\t<meta name=\"twitter:label2\" content=\"Dur\u00e9e de lecture estim\u00e9e\" \/>\n\t<meta name=\"twitter:data2\" content=\"3 minutes\" \/>\n<script type=\"application\/ld+json\" class=\"yoast-schema-graph\">{\"@context\":\"https:\\\/\\\/schema.org\",\"@graph\":[{\"@type\":\"Article\",\"@id\":\"https:\\\/\\\/www.phonedroid.fr\\\/blog\\\/realme-16-pro-un-design-maitre-signe-naoto-fukasawa\\\/#article\",\"isPartOf\":{\"@id\":\"https:\\\/\\\/www.phonedroid.fr\\\/blog\\\/realme-16-pro-un-design-maitre-signe-naoto-fukasawa\\\/\"},\"author\":{\"name\":\"PhoneDroid\",\"@id\":\"https:\\\/\\\/www.phonedroid.fr\\\/blog\\\/#\\\/schema\\\/person\\\/314df1218bd6ca28258888e5b17fc7fb\"},\"headline\":\"Realme 16 Pro : un design \u00ab\u00a0ma\u00eetre\u00a0\u00bb sign\u00e9 Naoto Fukasawa\",\"datePublished\":\"2025-12-15T12:51:14+00:00\",\"dateModified\":\"2025-12-15T12:51:16+00:00\",\"mainEntityOfPage\":{\"@id\":\"https:\\\/\\\/www.phonedroid.fr\\\/blog\\\/realme-16-pro-un-design-maitre-signe-naoto-fukasawa\\\/\"},\"wordCount\":435,\"commentCount\":0,\"publisher\":{\"@id\":\"https:\\\/\\\/www.phonedroid.fr\\\/blog\\\/#organization\"},\"image\":{\"@id\":\"https:\\\/\\\/www.phonedroid.fr\\\/blog\\\/realme-16-pro-un-design-maitre-signe-naoto-fukasawa\\\/#primaryimage\"},\"thumbnailUrl\":\"https:\\\/\\\/i0.wp.com\\\/www.phonedroid.fr\\\/blog\\\/wp-content\\\/uploads\\\/2025\\\/12\\\/Realme-16-Pro-or-Teaser.jpg?fit=1200%2C675&ssl=1\",\"articleSection\":[\"Actualit\u00e9 smartphone chinois\",\"Fabricant\",\"RealMe\"],\"inLanguage\":\"fr-FR\",\"potentialAction\":[{\"@type\":\"CommentAction\",\"name\":\"Comment\",\"target\":[\"https:\\\/\\\/www.phonedroid.fr\\\/blog\\\/realme-16-pro-un-design-maitre-signe-naoto-fukasawa\\\/#respond\"]}]},{\"@type\":\"WebPage\",\"@id\":\"https:\\\/\\\/www.phonedroid.fr\\\/blog\\\/realme-16-pro-un-design-maitre-signe-naoto-fukasawa\\\/\",\"url\":\"https:\\\/\\\/www.phonedroid.fr\\\/blog\\\/realme-16-pro-un-design-maitre-signe-naoto-fukasawa\\\/\",\"name\":\"Realme 16 Pro : un design \\\"ma\u00eetre\\\" sign\u00e9 Naoto Fukasawa \u2022 Actualit\u00e9 Smartphone et Tablette - PhoneDroid\",\"isPartOf\":{\"@id\":\"https:\\\/\\\/www.phonedroid.fr\\\/blog\\\/#website\"},\"primaryImageOfPage\":{\"@id\":\"https:\\\/\\\/www.phonedroid.fr\\\/blog\\\/realme-16-pro-un-design-maitre-signe-naoto-fukasawa\\\/#primaryimage\"},\"image\":{\"@id\":\"https:\\\/\\\/www.phonedroid.fr\\\/blog\\\/realme-16-pro-un-design-maitre-signe-naoto-fukasawa\\\/#primaryimage\"},\"thumbnailUrl\":\"https:\\\/\\\/i0.wp.com\\\/www.phonedroid.fr\\\/blog\\\/wp-content\\\/uploads\\\/2025\\\/12\\\/Realme-16-Pro-or-Teaser.jpg?fit=1200%2C675&ssl=1\",\"datePublished\":\"2025-12-15T12:51:14+00:00\",\"dateModified\":\"2025-12-15T12:51:16+00:00\",\"description\":\"Realme acc\u00e9l\u00e8re sa communication autour de la nouvelle s\u00e9rie Realme 16 Pro. Apr\u00e8s avoir \u00e9voqu\u00e9 sa technologie d'imagerie couleur \\\"Luma\\\", la marque d\u00e9voile Realme d\u00e9voile le design de la s\u00e9rie 16 Pro, con\u00e7u par Naoto Fukasawa. D\u00e9couvrez les couleurs \u00e9l\u00e9gantes et les specs du Pro+ (batterie 7000 mAh, \u00e9cran 144Hz) avant le lancement.\",\"breadcrumb\":{\"@id\":\"https:\\\/\\\/www.phonedroid.fr\\\/blog\\\/realme-16-pro-un-design-maitre-signe-naoto-fukasawa\\\/#breadcrumb\"},\"inLanguage\":\"fr-FR\",\"potentialAction\":[{\"@type\":\"ReadAction\",\"target\":[\"https:\\\/\\\/www.phonedroid.fr\\\/blog\\\/realme-16-pro-un-design-maitre-signe-naoto-fukasawa\\\/\"]}]},{\"@type\":\"ImageObject\",\"inLanguage\":\"fr-FR\",\"@id\":\"https:\\\/\\\/www.phonedroid.fr\\\/blog\\\/realme-16-pro-un-design-maitre-signe-naoto-fukasawa\\\/#primaryimage\",\"url\":\"https:\\\/\\\/i0.wp.com\\\/www.phonedroid.fr\\\/blog\\\/wp-content\\\/uploads\\\/2025\\\/12\\\/Realme-16-Pro-or-Teaser.jpg?fit=1200%2C675&ssl=1\",\"contentUrl\":\"https:\\\/\\\/i0.wp.com\\\/www.phonedroid.fr\\\/blog\\\/wp-content\\\/uploads\\\/2025\\\/12\\\/Realme-16-Pro-or-Teaser.jpg?fit=1200%2C675&ssl=1\",\"width\":1200,\"height\":675},{\"@type\":\"BreadcrumbList\",\"@id\":\"https:\\\/\\\/www.phonedroid.fr\\\/blog\\\/realme-16-pro-un-design-maitre-signe-naoto-fukasawa\\\/#breadcrumb\",\"itemListElement\":[{\"@type\":\"ListItem\",\"position\":1,\"name\":\"Accueil\",\"item\":\"https:\\\/\\\/www.phonedroid.fr\\\/blog\\\/\"},{\"@type\":\"ListItem\",\"position\":2,\"name\":\"Realme 16 Pro : un design \u00ab\u00a0ma\u00eetre\u00a0\u00bb sign\u00e9 Naoto Fukasawa\"}]},{\"@type\":\"WebSite\",\"@id\":\"https:\\\/\\\/www.phonedroid.fr\\\/blog\\\/#website\",\"url\":\"https:\\\/\\\/www.phonedroid.fr\\\/blog\\\/\",\"name\":\"Actualit\u00e9 Smartphone et Tablette - PhoneDroid\",\"description\":\"Toutes les news sur les smartphones et tablettes Android !\",\"publisher\":{\"@id\":\"https:\\\/\\\/www.phonedroid.fr\\\/blog\\\/#organization\"},\"potentialAction\":[{\"@type\":\"SearchAction\",\"target\":{\"@type\":\"EntryPoint\",\"urlTemplate\":\"https:\\\/\\\/www.phonedroid.fr\\\/blog\\\/?s={search_term_string}\"},\"query-input\":{\"@type\":\"PropertyValueSpecification\",\"valueRequired\":true,\"valueName\":\"search_term_string\"}}],\"inLanguage\":\"fr-FR\"},{\"@type\":\"Organization\",\"@id\":\"https:\\\/\\\/www.phonedroid.fr\\\/blog\\\/#organization\",\"name\":\"PhoneDroid\",\"url\":\"https:\\\/\\\/www.phonedroid.fr\\\/blog\\\/\",\"logo\":{\"@type\":\"ImageObject\",\"inLanguage\":\"fr-FR\",\"@id\":\"https:\\\/\\\/www.phonedroid.fr\\\/blog\\\/#\\\/schema\\\/logo\\\/image\\\/\",\"url\":\"https:\\\/\\\/i0.wp.com\\\/www.phonedroid.fr\\\/blog\\\/wp-content\\\/uploads\\\/2024\\\/08\\\/PHONE-DROID_logotype.png?fit=280%2C80&ssl=1\",\"contentUrl\":\"https:\\\/\\\/i0.wp.com\\\/www.phonedroid.fr\\\/blog\\\/wp-content\\\/uploads\\\/2024\\\/08\\\/PHONE-DROID_logotype.png?fit=280%2C80&ssl=1\",\"width\":280,\"height\":80,\"caption\":\"PhoneDroid\"},\"image\":{\"@id\":\"https:\\\/\\\/www.phonedroid.fr\\\/blog\\\/#\\\/schema\\\/logo\\\/image\\\/\"},\"sameAs\":[\"https:\\\/\\\/www.facebook.com\\\/pages\\\/Phonedroidfr\\\/503759289696160\",\"https:\\\/\\\/x.com\\\/PhoneDroid_fr\"]},{\"@type\":\"Person\",\"@id\":\"https:\\\/\\\/www.phonedroid.fr\\\/blog\\\/#\\\/schema\\\/person\\\/314df1218bd6ca28258888e5b17fc7fb\",\"name\":\"PhoneDroid\",\"image\":{\"@type\":\"ImageObject\",\"inLanguage\":\"fr-FR\",\"@id\":\"https:\\\/\\\/secure.gravatar.com\\\/avatar\\\/c85c62bd34c146809d07afc74264a0d05c55f6629c55d765479d4414f3c17bf8?s=96&r=g\",\"url\":\"https:\\\/\\\/secure.gravatar.com\\\/avatar\\\/c85c62bd34c146809d07afc74264a0d05c55f6629c55d765479d4414f3c17bf8?s=96&r=g\",\"contentUrl\":\"https:\\\/\\\/secure.gravatar.com\\\/avatar\\\/c85c62bd34c146809d07afc74264a0d05c55f6629c55d765479d4414f3c17bf8?s=96&r=g\",\"caption\":\"PhoneDroid\"},\"description\":\"Contact : support@phonedroid.fr Passionn\u00e9 de nouvelles technologies depuis des ann\u00e9es mais navr\u00e9 par le fait qu'\u00eatre geek c'est cher, j'ai cr\u00e9\u00e9 PhoneDroid pour permettre \u00e0 chacun de d\u00e9couvrir des produits alternatifs \u00e0 bas co\u00fbt.\",\"url\":\"https:\\\/\\\/www.phonedroid.fr\\\/blog\\\/author\\\/admin\\\/\"}]}<\/script>\n<!-- \/ Yoast SEO plugin. -->","yoast_head_json":{"title":"Realme 16 Pro : un design \"ma\u00eetre\" sign\u00e9 Naoto Fukasawa \u2022 Actualit\u00e9 Smartphone et Tablette - PhoneDroid","description":"Realme acc\u00e9l\u00e8re sa communication autour de la nouvelle s\u00e9rie Realme 16 Pro. Apr\u00e8s avoir \u00e9voqu\u00e9 sa technologie d'imagerie couleur \"Luma\", la marque d\u00e9voile Realme d\u00e9voile le design de la s\u00e9rie 16 Pro, con\u00e7u par Naoto Fukasawa. D\u00e9couvrez les couleurs \u00e9l\u00e9gantes et les specs du Pro+ (batterie 7000 mAh, \u00e9cran 144Hz) avant le lancement.","robots":{"index":"index","follow":"follow","max-snippet":"max-snippet:-1","max-image-preview":"max-image-preview:large","max-video-preview":"max-video-preview:-1"},"canonical":"https:\/\/www.phonedroid.fr\/blog\/realme-16-pro-un-design-maitre-signe-naoto-fukasawa\/","og_locale":"fr_FR","og_type":"article","og_title":"Realme 16 Pro : un design \"ma\u00eetre\" sign\u00e9 Naoto Fukasawa \u2022 Actualit\u00e9 Smartphone et Tablette - PhoneDroid","og_description":"Realme acc\u00e9l\u00e8re sa communication autour de la nouvelle s\u00e9rie Realme 16 Pro. Apr\u00e8s avoir \u00e9voqu\u00e9 sa technologie d'imagerie couleur \"Luma\", la marque d\u00e9voile Realme d\u00e9voile le design de la s\u00e9rie 16 Pro, con\u00e7u par Naoto Fukasawa. D\u00e9couvrez les couleurs \u00e9l\u00e9gantes et les specs du Pro+ (batterie 7000 mAh, \u00e9cran 144Hz) avant le lancement.","og_url":"https:\/\/www.phonedroid.fr\/blog\/realme-16-pro-un-design-maitre-signe-naoto-fukasawa\/","og_site_name":"Actualit\u00e9 Smartphone et Tablette - PhoneDroid","article_publisher":"https:\/\/www.facebook.com\/pages\/Phonedroidfr\/503759289696160","article_published_time":"2025-12-15T12:51:14+00:00","article_modified_time":"2025-12-15T12:51:16+00:00","og_image":[{"width":1200,"height":675,"url":"https:\/\/www.phonedroid.fr\/blog\/wp-content\/uploads\/2025\/12\/Realme-16-Pro-or-Teaser.jpg","type":"image\/jpeg"}],"author":"PhoneDroid","twitter_misc":{"\u00c9crit par":"PhoneDroid","Dur\u00e9e de lecture estim\u00e9e":"3 minutes"},"schema":{"@context":"https:\/\/schema.org","@graph":[{"@type":"Article","@id":"https:\/\/www.phonedroid.fr\/blog\/realme-16-pro-un-design-maitre-signe-naoto-fukasawa\/#article","isPartOf":{"@id":"https:\/\/www.phonedroid.fr\/blog\/realme-16-pro-un-design-maitre-signe-naoto-fukasawa\/"},"author":{"name":"PhoneDroid","@id":"https:\/\/www.phonedroid.fr\/blog\/#\/schema\/person\/314df1218bd6ca28258888e5b17fc7fb"},"headline":"Realme 16 Pro : un design \u00ab\u00a0ma\u00eetre\u00a0\u00bb sign\u00e9 Naoto Fukasawa","datePublished":"2025-12-15T12:51:14+00:00","dateModified":"2025-12-15T12:51:16+00:00","mainEntityOfPage":{"@id":"https:\/\/www.phonedroid.fr\/blog\/realme-16-pro-un-design-maitre-signe-naoto-fukasawa\/"},"wordCount":435,"commentCount":0,"publisher":{"@id":"https:\/\/www.phonedroid.fr\/blog\/#organization"},"image":{"@id":"https:\/\/www.phonedroid.fr\/blog\/realme-16-pro-un-design-maitre-signe-naoto-fukasawa\/#primaryimage"},"thumbnailUrl":"https:\/\/i0.wp.com\/www.phonedroid.fr\/blog\/wp-content\/uploads\/2025\/12\/Realme-16-Pro-or-Teaser.jpg?fit=1200%2C675&ssl=1","articleSection":["Actualit\u00e9 smartphone chinois","Fabricant","RealMe"],"inLanguage":"fr-FR","potentialAction":[{"@type":"CommentAction","name":"Comment","target":["https:\/\/www.phonedroid.fr\/blog\/realme-16-pro-un-design-maitre-signe-naoto-fukasawa\/#respond"]}]},{"@type":"WebPage","@id":"https:\/\/www.phonedroid.fr\/blog\/realme-16-pro-un-design-maitre-signe-naoto-fukasawa\/","url":"https:\/\/www.phonedroid.fr\/blog\/realme-16-pro-un-design-maitre-signe-naoto-fukasawa\/","name":"Realme 16 Pro : un design \"ma\u00eetre\" sign\u00e9 Naoto Fukasawa \u2022 Actualit\u00e9 Smartphone et Tablette - PhoneDroid","isPartOf":{"@id":"https:\/\/www.phonedroid.fr\/blog\/#website"},"primaryImageOfPage":{"@id":"https:\/\/www.phonedroid.fr\/blog\/realme-16-pro-un-design-maitre-signe-naoto-fukasawa\/#primaryimage"},"image":{"@id":"https:\/\/www.phonedroid.fr\/blog\/realme-16-pro-un-design-maitre-signe-naoto-fukasawa\/#primaryimage"},"thumbnailUrl":"https:\/\/i0.wp.com\/www.phonedroid.fr\/blog\/wp-content\/uploads\/2025\/12\/Realme-16-Pro-or-Teaser.jpg?fit=1200%2C675&ssl=1","datePublished":"2025-12-15T12:51:14+00:00","dateModified":"2025-12-15T12:51:16+00:00","description":"Realme acc\u00e9l\u00e8re sa communication autour de la nouvelle s\u00e9rie Realme 16 Pro. Apr\u00e8s avoir \u00e9voqu\u00e9 sa technologie d'imagerie couleur \"Luma\", la marque d\u00e9voile Realme d\u00e9voile le design de la s\u00e9rie 16 Pro, con\u00e7u par Naoto Fukasawa. D\u00e9couvrez les couleurs \u00e9l\u00e9gantes et les specs du Pro+ (batterie 7000 mAh, \u00e9cran 144Hz) avant le lancement.","breadcrumb":{"@id":"https:\/\/www.phonedroid.fr\/blog\/realme-16-pro-un-design-maitre-signe-naoto-fukasawa\/#breadcrumb"},"inLanguage":"fr-FR","potentialAction":[{"@type":"ReadAction","target":["https:\/\/www.phonedroid.fr\/blog\/realme-16-pro-un-design-maitre-signe-naoto-fukasawa\/"]}]},{"@type":"ImageObject","inLanguage":"fr-FR","@id":"https:\/\/www.phonedroid.fr\/blog\/realme-16-pro-un-design-maitre-signe-naoto-fukasawa\/#primaryimage","url":"https:\/\/i0.wp.com\/www.phonedroid.fr\/blog\/wp-content\/uploads\/2025\/12\/Realme-16-Pro-or-Teaser.jpg?fit=1200%2C675&ssl=1","contentUrl":"https:\/\/i0.wp.com\/www.phonedroid.fr\/blog\/wp-content\/uploads\/2025\/12\/Realme-16-Pro-or-Teaser.jpg?fit=1200%2C675&ssl=1","width":1200,"height":675},{"@type":"BreadcrumbList","@id":"https:\/\/www.phonedroid.fr\/blog\/realme-16-pro-un-design-maitre-signe-naoto-fukasawa\/#breadcrumb","itemListElement":[{"@type":"ListItem","position":1,"name":"Accueil","item":"https:\/\/www.phonedroid.fr\/blog\/"},{"@type":"ListItem","position":2,"name":"Realme 16 Pro : un design \u00ab\u00a0ma\u00eetre\u00a0\u00bb sign\u00e9 Naoto Fukasawa"}]},{"@type":"WebSite","@id":"https:\/\/www.phonedroid.fr\/blog\/#website","url":"https:\/\/www.phonedroid.fr\/blog\/","name":"Actualit\u00e9 Smartphone et Tablette - PhoneDroid","description":"Toutes les news sur les smartphones et tablettes Android !","publisher":{"@id":"https:\/\/www.phonedroid.fr\/blog\/#organization"},"potentialAction":[{"@type":"SearchAction","target":{"@type":"EntryPoint","urlTemplate":"https:\/\/www.phonedroid.fr\/blog\/?s={search_term_string}"},"query-input":{"@type":"PropertyValueSpecification","valueRequired":true,"valueName":"search_term_string"}}],"inLanguage":"fr-FR"},{"@type":"Organization","@id":"https:\/\/www.phonedroid.fr\/blog\/#organization","name":"PhoneDroid","url":"https:\/\/www.phonedroid.fr\/blog\/","logo":{"@type":"ImageObject","inLanguage":"fr-FR","@id":"https:\/\/www.phonedroid.fr\/blog\/#\/schema\/logo\/image\/","url":"https:\/\/i0.wp.com\/www.phonedroid.fr\/blog\/wp-content\/uploads\/2024\/08\/PHONE-DROID_logotype.png?fit=280%2C80&ssl=1","contentUrl":"https:\/\/i0.wp.com\/www.phonedroid.fr\/blog\/wp-content\/uploads\/2024\/08\/PHONE-DROID_logotype.png?fit=280%2C80&ssl=1","width":280,"height":80,"caption":"PhoneDroid"},"image":{"@id":"https:\/\/www.phonedroid.fr\/blog\/#\/schema\/logo\/image\/"},"sameAs":["https:\/\/www.facebook.com\/pages\/Phonedroidfr\/503759289696160","https:\/\/x.com\/PhoneDroid_fr"]},{"@type":"Person","@id":"https:\/\/www.phonedroid.fr\/blog\/#\/schema\/person\/314df1218bd6ca28258888e5b17fc7fb","name":"PhoneDroid","image":{"@type":"ImageObject","inLanguage":"fr-FR","@id":"https:\/\/secure.gravatar.com\/avatar\/c85c62bd34c146809d07afc74264a0d05c55f6629c55d765479d4414f3c17bf8?s=96&r=g","url":"https:\/\/secure.gravatar.com\/avatar\/c85c62bd34c146809d07afc74264a0d05c55f6629c55d765479d4414f3c17bf8?s=96&r=g","contentUrl":"https:\/\/secure.gravatar.com\/avatar\/c85c62bd34c146809d07afc74264a0d05c55f6629c55d765479d4414f3c17bf8?s=96&r=g","caption":"PhoneDroid"},"description":"Contact : support@phonedroid.fr Passionn\u00e9 de nouvelles technologies depuis des ann\u00e9es mais navr\u00e9 par le fait qu'\u00eatre geek c'est cher, j'ai cr\u00e9\u00e9 PhoneDroid pour permettre \u00e0 chacun de d\u00e9couvrir des produits alternatifs \u00e0 bas co\u00fbt.","url":"https:\/\/www.phonedroid.fr\/blog\/author\/admin\/"}]}},"jetpack_featured_media_url":"https:\/\/i0.wp.com\/www.phonedroid.fr\/blog\/wp-content\/uploads\/2025\/12\/Realme-16-Pro-or-Teaser.jpg?fit=1200%2C675&ssl=1","jetpack_sharing_enabled":true,"_links":{"self":[{"href":"https:\/\/www.phonedroid.fr\/blog\/wp-json\/wp\/v2\/posts\/30330","targetHints":{"allow":["GET"]}}],"collection":[{"href":"https:\/\/www.phonedroid.fr\/blog\/wp-json\/wp\/v2\/posts"}],"about":[{"href":"https:\/\/www.phonedroid.fr\/blog\/wp-json\/wp\/v2\/types\/post"}],"author":[{"embeddable":true,"href":"https:\/\/www.phonedroid.fr\/blog\/wp-json\/wp\/v2\/users\/1"}],"replies":[{"embeddable":true,"href":"https:\/\/www.phonedroid.fr\/blog\/wp-json\/wp\/v2\/comments?post=30330"}],"version-history":[{"count":1,"href":"https:\/\/www.phonedroid.fr\/blog\/wp-json\/wp\/v2\/posts\/30330\/revisions"}],"predecessor-version":[{"id":30332,"href":"https:\/\/www.phonedroid.fr\/blog\/wp-json\/wp\/v2\/posts\/30330\/revisions\/30332"}],"wp:featuredmedia":[{"embeddable":true,"href":"https:\/\/www.phonedroid.fr\/blog\/wp-json\/wp\/v2\/media\/30331"}],"wp:attachment":[{"href":"https:\/\/www.phonedroid.fr\/blog\/wp-json\/wp\/v2\/media?parent=30330"}],"wp:term":[{"taxonomy":"category","embeddable":true,"href":"https:\/\/www.phonedroid.fr\/blog\/wp-json\/wp\/v2\/categories?post=30330"},{"taxonomy":"post_tag","embeddable":true,"href":"https:\/\/www.phonedroid.fr\/blog\/wp-json\/wp\/v2\/tags?post=30330"}],"curies":[{"name":"wp","href":"https:\/\/api.w.org\/{rel}","templated":true}]}}