{"id":27998,"date":"2020-09-02T10:16:00","date_gmt":"2020-09-02T09:16:00","guid":{"rendered":"https:\/\/www.phonedroid.fr\/blog\/?p=27998"},"modified":"2020-09-02T13:09:48","modified_gmt":"2020-09-02T12:09:48","slug":"realme-x7-et-x7-pro","status":"publish","type":"post","link":"https:\/\/www.phonedroid.fr\/blog\/realme-x7-et-x7-pro\/","title":{"rendered":"Realme X7 et X7 Pro : la contre attaque!"},"content":{"rendered":"<p style=\"text-align: justify\"><span style=\"color: #0000ff\"><span style=\"color: #0000ff\"><b style=\"color: #0000ff\">La gamme du fabricant Chinois commence \u00e0 bien s&rsquo;\u00e9toffer avec pas mal de mod\u00e8les ratissant une large partie du march\u00e9. Il faut dire que le tr\u00e8s jeune fabricant veut concurrencer les t\u00e9nors du secteur, comme Xiaomi par exemple. Ainsi, une nouvelle gamme de smartphone vient d&rsquo;\u00eatre commercialis\u00e9 en Chine sous <\/b><span style=\"color: #0000ff\"><b>l\u2019appellation<\/b><\/span><b style=\"color: #0000ff\"> Realme X7.<\/b><\/span><\/span><\/p>\n<p><a href=\"https:\/\/i0.wp.com\/www.phonedroid.fr\/blog\/wp-content\/uploads\/2020\/08\/gsmarena_000.jpg?ssl=1\"><img data-recalc-dims=\"1\" loading=\"lazy\" decoding=\"async\" class=\"aligncenter size-full wp-image-28025\" src=\"https:\/\/i0.wp.com\/www.phonedroid.fr\/blog\/wp-content\/uploads\/2020\/08\/gsmarena_000.jpg?resize=696%2C435&#038;ssl=1\" alt=\"Realme X7\" width=\"696\" height=\"435\" srcset=\"https:\/\/i0.wp.com\/www.phonedroid.fr\/blog\/wp-content\/uploads\/2020\/08\/gsmarena_000.jpg?w=727&amp;ssl=1 727w, https:\/\/i0.wp.com\/www.phonedroid.fr\/blog\/wp-content\/uploads\/2020\/08\/gsmarena_000.jpg?resize=300%2C187&amp;ssl=1 300w, https:\/\/i0.wp.com\/www.phonedroid.fr\/blog\/wp-content\/uploads\/2020\/08\/gsmarena_000.jpg?resize=500%2C312&amp;ssl=1 500w, https:\/\/i0.wp.com\/www.phonedroid.fr\/blog\/wp-content\/uploads\/2020\/08\/gsmarena_000.jpg?resize=150%2C94&amp;ssl=1 150w, https:\/\/i0.wp.com\/www.phonedroid.fr\/blog\/wp-content\/uploads\/2020\/08\/gsmarena_000.jpg?resize=600%2C375&amp;ssl=1 600w\" sizes=\"auto, (max-width: 696px) 100vw, 696px\" \/><\/a><\/p>\n<h3><span style=\"color: #0000ff\"><em><strong>DALLE SUPER AMOLED<\/strong><\/em><\/span><\/h3>\n<p style=\"text-align: justify\">Realme arbore donc une<strong> dalle Amoled et Super Amoled (version Pro)<\/strong> sur sa nouvelle gamme de smartphone. D\u00e9voil\u00e9e le 1er septembre dernier, ces deux nouveaux mod\u00e8les vont se placer sur le secteur milieu\/haut de gamme.<\/p>\n<h4><em><strong><span style=\"color: #0000ff\">REALME X7<\/span><\/strong><\/em><\/h4>\n<p style=\"text-align: justify\">Le Realme X7 propose donc une dalle Amoled dot\u00e9e d&rsquo;un \u00e9cran perfor\u00e9 adoptant un capteur Selfie. D&rsquo;une <span style=\"color: #0000ff\">diagonale de 6.4 pouces<\/span>, elle dispose d&rsquo;une d\u00e9finition FHD+ de 1080 x 2400 pixels au format 20:9.<\/p>\n<h4><em><strong><span style=\"color: #0000ff\">REALME X7 PRO<\/span><\/strong><\/em><\/h4>\n<p>Reprenant le m\u00eame design que son petit fr\u00e8re, cette version Pro opte pour un \u00e9cran un peu plus imposant avec une <span style=\"color: #0000ff\">taille de 6.55 pouces<\/span>. En outre, il offre un <span style=\"color: #0000ff\">taux de rafra\u00eechissement de 120Hz<\/span>.<\/p>\n<p style=\"text-align: justify\"><em>Les deux smartphones disposent d&rsquo;un capteur d&#8217;empreinte digitale int\u00e9gr\u00e9 sous l&rsquo;\u00e9cran.<\/em><\/p>\n<p><a href=\"https:\/\/i0.wp.com\/www.phonedroid.fr\/blog\/wp-content\/uploads\/2020\/08\/d9a8c732-x7-et-x7-pro__908_512__72-10-1667-909.jpeg?ssl=1\"><img data-recalc-dims=\"1\" loading=\"lazy\" decoding=\"async\" class=\"aligncenter size-full wp-image-28024\" src=\"https:\/\/i0.wp.com\/www.phonedroid.fr\/blog\/wp-content\/uploads\/2020\/08\/d9a8c732-x7-et-x7-pro__908_512__72-10-1667-909.jpeg?resize=696%2C392&#038;ssl=1\" alt=\"Realme X7\" width=\"696\" height=\"392\" srcset=\"https:\/\/i0.wp.com\/www.phonedroid.fr\/blog\/wp-content\/uploads\/2020\/08\/d9a8c732-x7-et-x7-pro__908_512__72-10-1667-909.jpeg?w=908&amp;ssl=1 908w, https:\/\/i0.wp.com\/www.phonedroid.fr\/blog\/wp-content\/uploads\/2020\/08\/d9a8c732-x7-et-x7-pro__908_512__72-10-1667-909.jpeg?resize=300%2C169&amp;ssl=1 300w, https:\/\/i0.wp.com\/www.phonedroid.fr\/blog\/wp-content\/uploads\/2020\/08\/d9a8c732-x7-et-x7-pro__908_512__72-10-1667-909.jpeg?resize=500%2C282&amp;ssl=1 500w, https:\/\/i0.wp.com\/www.phonedroid.fr\/blog\/wp-content\/uploads\/2020\/08\/d9a8c732-x7-et-x7-pro__908_512__72-10-1667-909.jpeg?resize=150%2C85&amp;ssl=1 150w, https:\/\/i0.wp.com\/www.phonedroid.fr\/blog\/wp-content\/uploads\/2020\/08\/d9a8c732-x7-et-x7-pro__908_512__72-10-1667-909.jpeg?resize=768%2C433&amp;ssl=1 768w, https:\/\/i0.wp.com\/www.phonedroid.fr\/blog\/wp-content\/uploads\/2020\/08\/d9a8c732-x7-et-x7-pro__908_512__72-10-1667-909.jpeg?resize=600%2C338&amp;ssl=1 600w\" sizes=\"auto, (max-width: 696px) 100vw, 696px\" \/><\/a><\/p>\n<h2><em><strong><span style=\"color: #0000ff\">100% MEDIATEK DIMENSITY 5G<\/span><\/strong><\/em><\/h2>\n<p><strong><span style=\"color: #0000ff\">Pour animer cette nouvelle gamme, le fabricant Chinois s&rsquo;est tourn\u00e9 vers Mediatek. <\/span><\/strong><\/p>\n<h4><em><strong><span style=\"color: #0000ff\">Realme X7<\/span><\/strong><\/em><\/h4>\n<p style=\"text-align: justify\">Ainsi, nous retrouvons la nouvelle puce <span style=\"color: #0000ff\">Dimensity 800U<\/span> 5G bas\u00e9 sous un<strong>\u00a0Octo-Core grav\u00e9 en 7nm<\/strong>. Celui-ci est compos\u00e9 de\u00a0<strong>deux coeurs Cortex-A76 cadenc\u00e9s jusqu\u2019\u00e0 2.4Ghz et six coeurs Cortex-A55<\/strong>. Pour la partie GPU nous retrouvons un\u00a0<strong>Mali-G57 MC3<\/strong>.<\/p>\n<h4 style=\"text-align: justify\"><em><strong><span style=\"color: #0000ff\">Realme X7 Pro<\/span><\/strong><\/em><\/h4>\n<p style=\"text-align: justify\">En ce qui concerne la version Pro, elle est anim\u00e9 par la puce haut de gamme <span style=\"color: #0000ff\">Dimensity 1000<\/span>. Architectur\u00e9e autour d&rsquo;un <strong>Octo-Core compos\u00e9 de deux Cortex-A77 (2.6Ghz) et six Cortex-A55 (2Ghz)<\/strong>. Elle est associ\u00e9 \u00e0 un<strong> GPU Mali-G77 MC9.<\/strong><\/p>\n<p><a href=\"https:\/\/i0.wp.com\/www.phonedroid.fr\/blog\/wp-content\/uploads\/2020\/08\/REALME-X7-Realme-X7-PRO.png?ssl=1\"><img data-recalc-dims=\"1\" loading=\"lazy\" decoding=\"async\" class=\"aligncenter size-full wp-image-28028\" src=\"https:\/\/i0.wp.com\/www.phonedroid.fr\/blog\/wp-content\/uploads\/2020\/08\/REALME-X7-Realme-X7-PRO.png?resize=696%2C272&#038;ssl=1\" alt=\"Realme X7\" width=\"696\" height=\"272\" srcset=\"https:\/\/i0.wp.com\/www.phonedroid.fr\/blog\/wp-content\/uploads\/2020\/08\/REALME-X7-Realme-X7-PRO.png?w=699&amp;ssl=1 699w, https:\/\/i0.wp.com\/www.phonedroid.fr\/blog\/wp-content\/uploads\/2020\/08\/REALME-X7-Realme-X7-PRO.png?resize=300%2C117&amp;ssl=1 300w, https:\/\/i0.wp.com\/www.phonedroid.fr\/blog\/wp-content\/uploads\/2020\/08\/REALME-X7-Realme-X7-PRO.png?resize=500%2C195&amp;ssl=1 500w, https:\/\/i0.wp.com\/www.phonedroid.fr\/blog\/wp-content\/uploads\/2020\/08\/REALME-X7-Realme-X7-PRO.png?resize=150%2C59&amp;ssl=1 150w, https:\/\/i0.wp.com\/www.phonedroid.fr\/blog\/wp-content\/uploads\/2020\/08\/REALME-X7-Realme-X7-PRO.png?resize=600%2C234&amp;ssl=1 600w\" sizes=\"auto, (max-width: 696px) 100vw, 696px\" \/><\/a><\/p>\n<h3><em><span style=\"color: #0000ff\"><strong>SUPER CHARGE RAPIDE 65W<\/strong><\/span><\/em><\/h3>\n<p style=\"text-align: justify\">La gamme Realme X7 dispose d&rsquo;une <strong>Super Charge Rapide VOOC d&rsquo;une puissance de 65W<\/strong>. Au niveau de la batterie, la capacit\u00e9 serait de<span style=\"color: #0000ff\"> 4300mAh<\/span> pour le<span style=\"color: #0000ff\"> Realme X7 <span style=\"color: #000000\">et de<\/span> 4500mAh pour la version Pro<\/span>. Au niveau de la connectivit\u00e9, le deux smartphones disposent de :<span style=\"color: #0000ff\"> 5G \/ Bluetooth 5.1 \/ Wifi \/ GPS \/ USB-C \/ NFC (Pro)<\/span>. Par contre, le Realme X7 Pro disposera d&rsquo;une double haut parleur St\u00e9r\u00e9o quand le Realme X7 se contentera d&rsquo;un seul et unique haut parleur.<\/p>\n<p><a href=\"https:\/\/i0.wp.com\/www.phonedroid.fr\/blog\/wp-content\/uploads\/2020\/08\/65w.png?ssl=1\"><img data-recalc-dims=\"1\" loading=\"lazy\" decoding=\"async\" class=\"aligncenter size-full wp-image-28001\" src=\"https:\/\/i0.wp.com\/www.phonedroid.fr\/blog\/wp-content\/uploads\/2020\/08\/65w.png?resize=320%2C296&#038;ssl=1\" alt=\"\" width=\"320\" height=\"296\" srcset=\"https:\/\/i0.wp.com\/www.phonedroid.fr\/blog\/wp-content\/uploads\/2020\/08\/65w.png?w=320&amp;ssl=1 320w, https:\/\/i0.wp.com\/www.phonedroid.fr\/blog\/wp-content\/uploads\/2020\/08\/65w.png?resize=300%2C278&amp;ssl=1 300w, https:\/\/i0.wp.com\/www.phonedroid.fr\/blog\/wp-content\/uploads\/2020\/08\/65w.png?resize=150%2C139&amp;ssl=1 150w\" sizes=\"auto, (max-width: 320px) 100vw, 320px\" \/><\/a><\/p>\n<h3><em><span style=\"color: #0000ff\"><strong>DEUX CONFIGURATIONS PHOTO<\/strong><\/span><\/em><\/h3>\n<p style=\"text-align: justify\">Comme vous l&rsquo;avez devin\u00e9, les deux smartphones se distingue par des configurations photo diff\u00e9rentes. C&rsquo;est pourquoi, le Realme X7 est dot\u00e9 d&rsquo;une <strong>Quad Cam\u00e9ra<\/strong> en 64+8+2+2 Mpx. Alors que la version Pro est dot\u00e9e d&rsquo;une Quad Cam\u00e9ra mais avec un objectif Sony IMX686 de 64 M\u00e9gapixels.<\/p>\n<p><a href=\"https:\/\/i0.wp.com\/www.phonedroid.fr\/blog\/wp-content\/uploads\/2020\/08\/gsmarena_004.jpg?ssl=1\"><img data-recalc-dims=\"1\" loading=\"lazy\" decoding=\"async\" class=\"aligncenter size-full wp-image-28026\" src=\"https:\/\/i0.wp.com\/www.phonedroid.fr\/blog\/wp-content\/uploads\/2020\/08\/gsmarena_004.jpg?resize=696%2C300&#038;ssl=1\" alt=\"Realme X7\" width=\"696\" height=\"300\" srcset=\"https:\/\/i0.wp.com\/www.phonedroid.fr\/blog\/wp-content\/uploads\/2020\/08\/gsmarena_004.jpg?w=727&amp;ssl=1 727w, https:\/\/i0.wp.com\/www.phonedroid.fr\/blog\/wp-content\/uploads\/2020\/08\/gsmarena_004.jpg?resize=300%2C129&amp;ssl=1 300w, https:\/\/i0.wp.com\/www.phonedroid.fr\/blog\/wp-content\/uploads\/2020\/08\/gsmarena_004.jpg?resize=500%2C215&amp;ssl=1 500w, https:\/\/i0.wp.com\/www.phonedroid.fr\/blog\/wp-content\/uploads\/2020\/08\/gsmarena_004.jpg?resize=150%2C65&amp;ssl=1 150w, https:\/\/i0.wp.com\/www.phonedroid.fr\/blog\/wp-content\/uploads\/2020\/08\/gsmarena_004.jpg?resize=600%2C258&amp;ssl=1 600w\" sizes=\"auto, (max-width: 696px) 100vw, 696px\" \/><\/a><\/p>\n<p style=\"text-align: justify\"><strong><span style=\"color: #0000ff\">Tout d&rsquo;abord commercialis\u00e9 en Chine, la nouvelle gamme Realme X7 devrait arriver sur les march\u00e9s mondiaux d&rsquo;ici quelques semaines. Propos\u00e9e \u00e0 partir de 222\u20ac HT pour le Realme 7 6\/128Go, les tarifs culmineront \u00e0 400\u20ac HT pour la version Pro en 8\/256Go.<\/span><\/strong><\/p>\n","protected":false},"excerpt":{"rendered":"<p>La gamme du fabricant Chinois commence \u00e0 bien s&rsquo;\u00e9toffer avec pas mal de mod\u00e8les ratissant une large partie du march\u00e9. Il faut dire que le tr\u00e8s jeune fabricant veut concurrencer les t\u00e9nors du secteur, comme Xiaomi par exemple. Ainsi, une nouvelle gamme de smartphone vient d&rsquo;\u00eatre commercialis\u00e9 en Chine sous l\u2019appellation Realme X7. DALLE SUPER [&hellip;]<\/p>\n","protected":false},"author":32,"featured_media":28025,"comment_status":"open","ping_status":"open","sticky":false,"template":"","format":"standard","meta":{"_jetpack_memberships_contains_paid_content":false,"footnotes":""},"categories":[623,4194,4416],"tags":[],"class_list":{"0":"post-27998","1":"post","2":"type-post","3":"status-publish","4":"format-standard","5":"has-post-thumbnail","7":"category-actualite-smartphone-chinois","8":"category-fabricant","9":"category-realme"},"yoast_head":"<!-- This site is optimized with the Yoast SEO plugin v27.5 - https:\/\/yoast.com\/product\/yoast-seo-wordpress\/ -->\n<title>Realme X7 et X7 Pro : la contre attaque! \u2022 Actualit\u00e9 Smartphone et Tablette - PhoneDroid<\/title>\n<meta name=\"description\" content=\"La nouvelle gamme Realme X7 se voit dot\u00e9e d&#039;\u00e9cran Amoled et de processeur nextgen du fabricant Mediatek. Phonedroid\" \/>\n<meta name=\"robots\" content=\"index, follow, max-snippet:-1, max-image-preview:large, max-video-preview:-1\" \/>\n<link rel=\"canonical\" href=\"https:\/\/www.phonedroid.fr\/blog\/realme-x7-et-x7-pro\/\" \/>\n<meta property=\"og:locale\" content=\"fr_FR\" \/>\n<meta property=\"og:type\" content=\"article\" \/>\n<meta property=\"og:title\" content=\"Realme X7 et X7 Pro : la contre attaque! \u2022 Actualit\u00e9 Smartphone et Tablette - PhoneDroid\" \/>\n<meta property=\"og:description\" content=\"La nouvelle gamme Realme X7 se voit dot\u00e9e d&#039;\u00e9cran Amoled et de processeur nextgen du fabricant Mediatek. Phonedroid\" \/>\n<meta property=\"og:url\" content=\"https:\/\/www.phonedroid.fr\/blog\/realme-x7-et-x7-pro\/\" \/>\n<meta property=\"og:site_name\" content=\"Actualit\u00e9 Smartphone et Tablette - PhoneDroid\" \/>\n<meta property=\"article:publisher\" content=\"https:\/\/www.facebook.com\/pages\/Phonedroidfr\/503759289696160\" \/>\n<meta property=\"article:published_time\" content=\"2020-09-02T09:16:00+00:00\" \/>\n<meta property=\"article:modified_time\" content=\"2020-09-02T12:09:48+00:00\" \/>\n<meta property=\"og:image\" content=\"https:\/\/i0.wp.com\/www.phonedroid.fr\/blog\/wp-content\/uploads\/2020\/08\/gsmarena_000.jpg?fit=727%2C454&ssl=1\" \/>\n\t<meta property=\"og:image:width\" content=\"727\" \/>\n\t<meta property=\"og:image:height\" content=\"454\" \/>\n\t<meta property=\"og:image:type\" content=\"image\/jpeg\" \/>\n<meta name=\"author\" content=\"Fabrice\" \/>\n<meta name=\"twitter:label1\" content=\"\u00c9crit par\" \/>\n\t<meta name=\"twitter:data1\" content=\"Fabrice\" \/>\n\t<meta name=\"twitter:label2\" content=\"Dur\u00e9e de lecture estim\u00e9e\" \/>\n\t<meta name=\"twitter:data2\" content=\"2 minutes\" \/>\n<script type=\"application\/ld+json\" class=\"yoast-schema-graph\">{\"@context\":\"https:\\\/\\\/schema.org\",\"@graph\":[{\"@type\":\"Article\",\"@id\":\"https:\\\/\\\/www.phonedroid.fr\\\/blog\\\/realme-x7-et-x7-pro\\\/#article\",\"isPartOf\":{\"@id\":\"https:\\\/\\\/www.phonedroid.fr\\\/blog\\\/realme-x7-et-x7-pro\\\/\"},\"author\":{\"name\":\"Fabrice\",\"@id\":\"https:\\\/\\\/www.phonedroid.fr\\\/blog\\\/#\\\/schema\\\/person\\\/23bfc040c2a2be69f6fa05923b083c6f\"},\"headline\":\"Realme X7 et X7 Pro : la contre attaque!\",\"datePublished\":\"2020-09-02T09:16:00+00:00\",\"dateModified\":\"2020-09-02T12:09:48+00:00\",\"mainEntityOfPage\":{\"@id\":\"https:\\\/\\\/www.phonedroid.fr\\\/blog\\\/realme-x7-et-x7-pro\\\/\"},\"wordCount\":483,\"commentCount\":0,\"publisher\":{\"@id\":\"https:\\\/\\\/www.phonedroid.fr\\\/blog\\\/#organization\"},\"image\":{\"@id\":\"https:\\\/\\\/www.phonedroid.fr\\\/blog\\\/realme-x7-et-x7-pro\\\/#primaryimage\"},\"thumbnailUrl\":\"https:\\\/\\\/i0.wp.com\\\/www.phonedroid.fr\\\/blog\\\/wp-content\\\/uploads\\\/2020\\\/08\\\/gsmarena_000.jpg?fit=727%2C454&ssl=1\",\"articleSection\":[\"Actualit\u00e9 smartphone chinois\",\"Fabricant\",\"RealMe\"],\"inLanguage\":\"fr-FR\",\"potentialAction\":[{\"@type\":\"CommentAction\",\"name\":\"Comment\",\"target\":[\"https:\\\/\\\/www.phonedroid.fr\\\/blog\\\/realme-x7-et-x7-pro\\\/#respond\"]}]},{\"@type\":\"WebPage\",\"@id\":\"https:\\\/\\\/www.phonedroid.fr\\\/blog\\\/realme-x7-et-x7-pro\\\/\",\"url\":\"https:\\\/\\\/www.phonedroid.fr\\\/blog\\\/realme-x7-et-x7-pro\\\/\",\"name\":\"Realme X7 et X7 Pro : la contre attaque! \u2022 Actualit\u00e9 Smartphone et Tablette - PhoneDroid\",\"isPartOf\":{\"@id\":\"https:\\\/\\\/www.phonedroid.fr\\\/blog\\\/#website\"},\"primaryImageOfPage\":{\"@id\":\"https:\\\/\\\/www.phonedroid.fr\\\/blog\\\/realme-x7-et-x7-pro\\\/#primaryimage\"},\"image\":{\"@id\":\"https:\\\/\\\/www.phonedroid.fr\\\/blog\\\/realme-x7-et-x7-pro\\\/#primaryimage\"},\"thumbnailUrl\":\"https:\\\/\\\/i0.wp.com\\\/www.phonedroid.fr\\\/blog\\\/wp-content\\\/uploads\\\/2020\\\/08\\\/gsmarena_000.jpg?fit=727%2C454&ssl=1\",\"datePublished\":\"2020-09-02T09:16:00+00:00\",\"dateModified\":\"2020-09-02T12:09:48+00:00\",\"description\":\"La nouvelle gamme Realme X7 se voit dot\u00e9e d'\u00e9cran Amoled et de processeur nextgen du fabricant Mediatek. Phonedroid\",\"breadcrumb\":{\"@id\":\"https:\\\/\\\/www.phonedroid.fr\\\/blog\\\/realme-x7-et-x7-pro\\\/#breadcrumb\"},\"inLanguage\":\"fr-FR\",\"potentialAction\":[{\"@type\":\"ReadAction\",\"target\":[\"https:\\\/\\\/www.phonedroid.fr\\\/blog\\\/realme-x7-et-x7-pro\\\/\"]}]},{\"@type\":\"ImageObject\",\"inLanguage\":\"fr-FR\",\"@id\":\"https:\\\/\\\/www.phonedroid.fr\\\/blog\\\/realme-x7-et-x7-pro\\\/#primaryimage\",\"url\":\"https:\\\/\\\/i0.wp.com\\\/www.phonedroid.fr\\\/blog\\\/wp-content\\\/uploads\\\/2020\\\/08\\\/gsmarena_000.jpg?fit=727%2C454&ssl=1\",\"contentUrl\":\"https:\\\/\\\/i0.wp.com\\\/www.phonedroid.fr\\\/blog\\\/wp-content\\\/uploads\\\/2020\\\/08\\\/gsmarena_000.jpg?fit=727%2C454&ssl=1\",\"width\":727,\"height\":454,\"caption\":\"Realme X7\"},{\"@type\":\"BreadcrumbList\",\"@id\":\"https:\\\/\\\/www.phonedroid.fr\\\/blog\\\/realme-x7-et-x7-pro\\\/#breadcrumb\",\"itemListElement\":[{\"@type\":\"ListItem\",\"position\":1,\"name\":\"Accueil\",\"item\":\"https:\\\/\\\/www.phonedroid.fr\\\/blog\\\/\"},{\"@type\":\"ListItem\",\"position\":2,\"name\":\"Realme X7 et X7 Pro : la contre attaque!\"}]},{\"@type\":\"WebSite\",\"@id\":\"https:\\\/\\\/www.phonedroid.fr\\\/blog\\\/#website\",\"url\":\"https:\\\/\\\/www.phonedroid.fr\\\/blog\\\/\",\"name\":\"Actualit\u00e9 Smartphone et Tablette - PhoneDroid\",\"description\":\"Toutes les news sur les smartphones et tablettes Android !\",\"publisher\":{\"@id\":\"https:\\\/\\\/www.phonedroid.fr\\\/blog\\\/#organization\"},\"potentialAction\":[{\"@type\":\"SearchAction\",\"target\":{\"@type\":\"EntryPoint\",\"urlTemplate\":\"https:\\\/\\\/www.phonedroid.fr\\\/blog\\\/?s={search_term_string}\"},\"query-input\":{\"@type\":\"PropertyValueSpecification\",\"valueRequired\":true,\"valueName\":\"search_term_string\"}}],\"inLanguage\":\"fr-FR\"},{\"@type\":\"Organization\",\"@id\":\"https:\\\/\\\/www.phonedroid.fr\\\/blog\\\/#organization\",\"name\":\"PhoneDroid\",\"url\":\"https:\\\/\\\/www.phonedroid.fr\\\/blog\\\/\",\"logo\":{\"@type\":\"ImageObject\",\"inLanguage\":\"fr-FR\",\"@id\":\"https:\\\/\\\/www.phonedroid.fr\\\/blog\\\/#\\\/schema\\\/logo\\\/image\\\/\",\"url\":\"https:\\\/\\\/i0.wp.com\\\/www.phonedroid.fr\\\/blog\\\/wp-content\\\/uploads\\\/2024\\\/08\\\/PHONE-DROID_logotype.png?fit=280%2C80&ssl=1\",\"contentUrl\":\"https:\\\/\\\/i0.wp.com\\\/www.phonedroid.fr\\\/blog\\\/wp-content\\\/uploads\\\/2024\\\/08\\\/PHONE-DROID_logotype.png?fit=280%2C80&ssl=1\",\"width\":280,\"height\":80,\"caption\":\"PhoneDroid\"},\"image\":{\"@id\":\"https:\\\/\\\/www.phonedroid.fr\\\/blog\\\/#\\\/schema\\\/logo\\\/image\\\/\"},\"sameAs\":[\"https:\\\/\\\/www.facebook.com\\\/pages\\\/Phonedroidfr\\\/503759289696160\",\"https:\\\/\\\/x.com\\\/PhoneDroid_fr\"]},{\"@type\":\"Person\",\"@id\":\"https:\\\/\\\/www.phonedroid.fr\\\/blog\\\/#\\\/schema\\\/person\\\/23bfc040c2a2be69f6fa05923b083c6f\",\"name\":\"Fabrice\",\"image\":{\"@type\":\"ImageObject\",\"inLanguage\":\"fr-FR\",\"@id\":\"https:\\\/\\\/secure.gravatar.com\\\/avatar\\\/913c92948cee2529e5b2416104dae66f1660150c5940008f73ddf6fbb5140506?s=96&r=g\",\"url\":\"https:\\\/\\\/secure.gravatar.com\\\/avatar\\\/913c92948cee2529e5b2416104dae66f1660150c5940008f73ddf6fbb5140506?s=96&r=g\",\"contentUrl\":\"https:\\\/\\\/secure.gravatar.com\\\/avatar\\\/913c92948cee2529e5b2416104dae66f1660150c5940008f73ddf6fbb5140506?s=96&r=g\",\"caption\":\"Fabrice\"},\"description\":\"Contact : redacteur-phonedroid@outlook.fr Mes passions sont le Running et les smartphones Chinois. J'adore aussi tout ce qui touche aux objets connect\u00e9s et la domotique.\",\"url\":\"https:\\\/\\\/www.phonedroid.fr\\\/blog\\\/author\\\/jeunedroid\\\/\"}]}<\/script>\n<!-- \/ Yoast SEO plugin. -->","yoast_head_json":{"title":"Realme X7 et X7 Pro : la contre attaque! \u2022 Actualit\u00e9 Smartphone et Tablette - PhoneDroid","description":"La nouvelle gamme Realme X7 se voit dot\u00e9e d'\u00e9cran Amoled et de processeur nextgen du fabricant Mediatek. Phonedroid","robots":{"index":"index","follow":"follow","max-snippet":"max-snippet:-1","max-image-preview":"max-image-preview:large","max-video-preview":"max-video-preview:-1"},"canonical":"https:\/\/www.phonedroid.fr\/blog\/realme-x7-et-x7-pro\/","og_locale":"fr_FR","og_type":"article","og_title":"Realme X7 et X7 Pro : la contre attaque! \u2022 Actualit\u00e9 Smartphone et Tablette - PhoneDroid","og_description":"La nouvelle gamme Realme X7 se voit dot\u00e9e d'\u00e9cran Amoled et de processeur nextgen du fabricant Mediatek. Phonedroid","og_url":"https:\/\/www.phonedroid.fr\/blog\/realme-x7-et-x7-pro\/","og_site_name":"Actualit\u00e9 Smartphone et Tablette - PhoneDroid","article_publisher":"https:\/\/www.facebook.com\/pages\/Phonedroidfr\/503759289696160","article_published_time":"2020-09-02T09:16:00+00:00","article_modified_time":"2020-09-02T12:09:48+00:00","og_image":[{"width":727,"height":454,"url":"https:\/\/i0.wp.com\/www.phonedroid.fr\/blog\/wp-content\/uploads\/2020\/08\/gsmarena_000.jpg?fit=727%2C454&ssl=1","type":"image\/jpeg"}],"author":"Fabrice","twitter_misc":{"\u00c9crit par":"Fabrice","Dur\u00e9e de lecture estim\u00e9e":"2 minutes"},"schema":{"@context":"https:\/\/schema.org","@graph":[{"@type":"Article","@id":"https:\/\/www.phonedroid.fr\/blog\/realme-x7-et-x7-pro\/#article","isPartOf":{"@id":"https:\/\/www.phonedroid.fr\/blog\/realme-x7-et-x7-pro\/"},"author":{"name":"Fabrice","@id":"https:\/\/www.phonedroid.fr\/blog\/#\/schema\/person\/23bfc040c2a2be69f6fa05923b083c6f"},"headline":"Realme X7 et X7 Pro : la contre attaque!","datePublished":"2020-09-02T09:16:00+00:00","dateModified":"2020-09-02T12:09:48+00:00","mainEntityOfPage":{"@id":"https:\/\/www.phonedroid.fr\/blog\/realme-x7-et-x7-pro\/"},"wordCount":483,"commentCount":0,"publisher":{"@id":"https:\/\/www.phonedroid.fr\/blog\/#organization"},"image":{"@id":"https:\/\/www.phonedroid.fr\/blog\/realme-x7-et-x7-pro\/#primaryimage"},"thumbnailUrl":"https:\/\/i0.wp.com\/www.phonedroid.fr\/blog\/wp-content\/uploads\/2020\/08\/gsmarena_000.jpg?fit=727%2C454&ssl=1","articleSection":["Actualit\u00e9 smartphone chinois","Fabricant","RealMe"],"inLanguage":"fr-FR","potentialAction":[{"@type":"CommentAction","name":"Comment","target":["https:\/\/www.phonedroid.fr\/blog\/realme-x7-et-x7-pro\/#respond"]}]},{"@type":"WebPage","@id":"https:\/\/www.phonedroid.fr\/blog\/realme-x7-et-x7-pro\/","url":"https:\/\/www.phonedroid.fr\/blog\/realme-x7-et-x7-pro\/","name":"Realme X7 et X7 Pro : la contre attaque! \u2022 Actualit\u00e9 Smartphone et Tablette - PhoneDroid","isPartOf":{"@id":"https:\/\/www.phonedroid.fr\/blog\/#website"},"primaryImageOfPage":{"@id":"https:\/\/www.phonedroid.fr\/blog\/realme-x7-et-x7-pro\/#primaryimage"},"image":{"@id":"https:\/\/www.phonedroid.fr\/blog\/realme-x7-et-x7-pro\/#primaryimage"},"thumbnailUrl":"https:\/\/i0.wp.com\/www.phonedroid.fr\/blog\/wp-content\/uploads\/2020\/08\/gsmarena_000.jpg?fit=727%2C454&ssl=1","datePublished":"2020-09-02T09:16:00+00:00","dateModified":"2020-09-02T12:09:48+00:00","description":"La nouvelle gamme Realme X7 se voit dot\u00e9e d'\u00e9cran Amoled et de processeur nextgen du fabricant Mediatek. Phonedroid","breadcrumb":{"@id":"https:\/\/www.phonedroid.fr\/blog\/realme-x7-et-x7-pro\/#breadcrumb"},"inLanguage":"fr-FR","potentialAction":[{"@type":"ReadAction","target":["https:\/\/www.phonedroid.fr\/blog\/realme-x7-et-x7-pro\/"]}]},{"@type":"ImageObject","inLanguage":"fr-FR","@id":"https:\/\/www.phonedroid.fr\/blog\/realme-x7-et-x7-pro\/#primaryimage","url":"https:\/\/i0.wp.com\/www.phonedroid.fr\/blog\/wp-content\/uploads\/2020\/08\/gsmarena_000.jpg?fit=727%2C454&ssl=1","contentUrl":"https:\/\/i0.wp.com\/www.phonedroid.fr\/blog\/wp-content\/uploads\/2020\/08\/gsmarena_000.jpg?fit=727%2C454&ssl=1","width":727,"height":454,"caption":"Realme X7"},{"@type":"BreadcrumbList","@id":"https:\/\/www.phonedroid.fr\/blog\/realme-x7-et-x7-pro\/#breadcrumb","itemListElement":[{"@type":"ListItem","position":1,"name":"Accueil","item":"https:\/\/www.phonedroid.fr\/blog\/"},{"@type":"ListItem","position":2,"name":"Realme X7 et X7 Pro : la contre attaque!"}]},{"@type":"WebSite","@id":"https:\/\/www.phonedroid.fr\/blog\/#website","url":"https:\/\/www.phonedroid.fr\/blog\/","name":"Actualit\u00e9 Smartphone et Tablette - PhoneDroid","description":"Toutes les news sur les smartphones et tablettes Android !","publisher":{"@id":"https:\/\/www.phonedroid.fr\/blog\/#organization"},"potentialAction":[{"@type":"SearchAction","target":{"@type":"EntryPoint","urlTemplate":"https:\/\/www.phonedroid.fr\/blog\/?s={search_term_string}"},"query-input":{"@type":"PropertyValueSpecification","valueRequired":true,"valueName":"search_term_string"}}],"inLanguage":"fr-FR"},{"@type":"Organization","@id":"https:\/\/www.phonedroid.fr\/blog\/#organization","name":"PhoneDroid","url":"https:\/\/www.phonedroid.fr\/blog\/","logo":{"@type":"ImageObject","inLanguage":"fr-FR","@id":"https:\/\/www.phonedroid.fr\/blog\/#\/schema\/logo\/image\/","url":"https:\/\/i0.wp.com\/www.phonedroid.fr\/blog\/wp-content\/uploads\/2024\/08\/PHONE-DROID_logotype.png?fit=280%2C80&ssl=1","contentUrl":"https:\/\/i0.wp.com\/www.phonedroid.fr\/blog\/wp-content\/uploads\/2024\/08\/PHONE-DROID_logotype.png?fit=280%2C80&ssl=1","width":280,"height":80,"caption":"PhoneDroid"},"image":{"@id":"https:\/\/www.phonedroid.fr\/blog\/#\/schema\/logo\/image\/"},"sameAs":["https:\/\/www.facebook.com\/pages\/Phonedroidfr\/503759289696160","https:\/\/x.com\/PhoneDroid_fr"]},{"@type":"Person","@id":"https:\/\/www.phonedroid.fr\/blog\/#\/schema\/person\/23bfc040c2a2be69f6fa05923b083c6f","name":"Fabrice","image":{"@type":"ImageObject","inLanguage":"fr-FR","@id":"https:\/\/secure.gravatar.com\/avatar\/913c92948cee2529e5b2416104dae66f1660150c5940008f73ddf6fbb5140506?s=96&r=g","url":"https:\/\/secure.gravatar.com\/avatar\/913c92948cee2529e5b2416104dae66f1660150c5940008f73ddf6fbb5140506?s=96&r=g","contentUrl":"https:\/\/secure.gravatar.com\/avatar\/913c92948cee2529e5b2416104dae66f1660150c5940008f73ddf6fbb5140506?s=96&r=g","caption":"Fabrice"},"description":"Contact : redacteur-phonedroid@outlook.fr Mes passions sont le Running et les smartphones Chinois. J'adore aussi tout ce qui touche aux objets connect\u00e9s et la domotique.","url":"https:\/\/www.phonedroid.fr\/blog\/author\/jeunedroid\/"}]}},"jetpack_featured_media_url":"https:\/\/i0.wp.com\/www.phonedroid.fr\/blog\/wp-content\/uploads\/2020\/08\/gsmarena_000.jpg?fit=727%2C454&ssl=1","jetpack_sharing_enabled":true,"_links":{"self":[{"href":"https:\/\/www.phonedroid.fr\/blog\/wp-json\/wp\/v2\/posts\/27998","targetHints":{"allow":["GET"]}}],"collection":[{"href":"https:\/\/www.phonedroid.fr\/blog\/wp-json\/wp\/v2\/posts"}],"about":[{"href":"https:\/\/www.phonedroid.fr\/blog\/wp-json\/wp\/v2\/types\/post"}],"author":[{"embeddable":true,"href":"https:\/\/www.phonedroid.fr\/blog\/wp-json\/wp\/v2\/users\/32"}],"replies":[{"embeddable":true,"href":"https:\/\/www.phonedroid.fr\/blog\/wp-json\/wp\/v2\/comments?post=27998"}],"version-history":[{"count":3,"href":"https:\/\/www.phonedroid.fr\/blog\/wp-json\/wp\/v2\/posts\/27998\/revisions"}],"predecessor-version":[{"id":28029,"href":"https:\/\/www.phonedroid.fr\/blog\/wp-json\/wp\/v2\/posts\/27998\/revisions\/28029"}],"wp:featuredmedia":[{"embeddable":true,"href":"https:\/\/www.phonedroid.fr\/blog\/wp-json\/wp\/v2\/media\/28025"}],"wp:attachment":[{"href":"https:\/\/www.phonedroid.fr\/blog\/wp-json\/wp\/v2\/media?parent=27998"}],"wp:term":[{"taxonomy":"category","embeddable":true,"href":"https:\/\/www.phonedroid.fr\/blog\/wp-json\/wp\/v2\/categories?post=27998"},{"taxonomy":"post_tag","embeddable":true,"href":"https:\/\/www.phonedroid.fr\/blog\/wp-json\/wp\/v2\/tags?post=27998"}],"curies":[{"name":"wp","href":"https:\/\/api.w.org\/{rel}","templated":true}]}}