{"id":27432,"date":"2020-05-08T08:28:22","date_gmt":"2020-05-08T07:28:22","guid":{"rendered":"https:\/\/www.phonedroid.fr\/blog\/?p=27432"},"modified":"2020-05-08T08:28:24","modified_gmt":"2020-05-08T07:28:24","slug":"poco-f2-pro","status":"publish","type":"post","link":"https:\/\/www.phonedroid.fr\/blog\/poco-f2-pro\/","title":{"rendered":"Poco F2 Pro : le retour du Flagship Killer en Europe le 12 mai!"},"content":{"rendered":"<p style=\"text-align: justify\"><strong>C&rsquo;est officiel, Poco is back! La filiale de Xiaomi va marquer son retour en annon\u00e7ant le successeur du Poco F1. Malgr\u00e9 son \u00e9norme succ\u00e8s commercial, la marque Poco a \u00e9t\u00e9 laiss\u00e9e de c\u00f4t\u00e9 un long moment,\u00a0 pensant m\u00eame que Xiaomi l&rsquo;avait tout bonnement abandonn\u00e9e. Mais, il n&rsquo;en est rien, le Poco F2 Pro va \u00eatre pr\u00e9sent\u00e9 le 12 mai prochain en Europe!<\/strong><\/p>\n<p><em>* illustration Redmi K30 Pro<\/em><\/p>\n<p><a href=\"https:\/\/i0.wp.com\/www.phonedroid.fr\/blog\/wp-content\/uploads\/2020\/05\/pf2.png?ssl=1\"><img data-recalc-dims=\"1\" loading=\"lazy\" decoding=\"async\" class=\"aligncenter size-full wp-image-27433\" src=\"https:\/\/i0.wp.com\/www.phonedroid.fr\/blog\/wp-content\/uploads\/2020\/05\/pf2.png?resize=544%2C389&#038;ssl=1\" alt=\"Poco F2 Pro\" width=\"544\" height=\"389\" srcset=\"https:\/\/i0.wp.com\/www.phonedroid.fr\/blog\/wp-content\/uploads\/2020\/05\/pf2.png?w=544&amp;ssl=1 544w, https:\/\/i0.wp.com\/www.phonedroid.fr\/blog\/wp-content\/uploads\/2020\/05\/pf2.png?resize=300%2C215&amp;ssl=1 300w, https:\/\/i0.wp.com\/www.phonedroid.fr\/blog\/wp-content\/uploads\/2020\/05\/pf2.png?resize=500%2C358&amp;ssl=1 500w, https:\/\/i0.wp.com\/www.phonedroid.fr\/blog\/wp-content\/uploads\/2020\/05\/pf2.png?resize=150%2C107&amp;ssl=1 150w\" sizes=\"auto, (max-width: 544px) 100vw, 544px\" \/><\/a><\/p>\n\n\n<div class=\"wp-block-ugb-accordion ugb-accordion ugb-585b6d5 ugb-accordion--v2 ugb-accordion--design-basic ugb-main-block\" aria-expanded=\"false\" id=\"\"><style>.ugb-585b6d5 .ugb-accordion__heading{background-color:#8ed1fc !important}.ugb-585b6d5 .ugb-accordion__heading:before{background-image:linear-gradient(90deg,#8ed1fc 0%,#0693e3 100%) !important}.ugb-585b6d5 .ugb-accordion__title{color:#eeeeee}.ugb-585b6d5 .ugb-accordion__arrow{fill:#eeeeee}<\/style><div class=\"ugb-inner-block\"><div class=\"ugb-block-content\"><div class=\"ugb-accordion__item\"><div class=\"ugb-accordion__heading ugb--has-background-overlay\" role=\"button\" tabindex=\"0\"><h3 class=\"ugb-accordion__title\" role=\"heading\" aria-level=\"3\">Sous un air de Redmi K30 Pro<\/h3><svg viewbox=\"0 0 20 20\" xmlns=\"http:\/\/www.w3.org\/2000\/svg\" class=\"ugb-accordion__arrow\" width=\"20\" height=\"20\"><path d=\"M16.7 3.3L10 10 3.3 3.4 0 6.7l10 10v-.1l10-9.9z\"><\/path><\/svg><\/div><div class=\"ugb-accordion__content\" role=\"region\"><div class=\"ugb-accordion__content-inner\">\n<p style=\"text-align: justify\">Xiaomi a donc d\u00e9cid\u00e9 de commercialiser le Redmi K30 Pro sous l&rsquo;effigie Poco F2 Pro. Ce qui reste assez logique, car rappelez-vous, il y a un an sortait le Xiaomi Mi 9T et sa version Pro jumeau du Redmi K20 qui n&rsquo;a pas \u00e9t\u00e9 commercialis\u00e9 en Europe. Sachant que la gamme Mi 10T n&rsquo;est pas pr\u00e9vue, \u00e7a sera autour de Poco de lancer en Europe le valeureux Redmi K30 Pro.<\/p>\n<p><a href=\"https:\/\/i0.wp.com\/www.phonedroid.fr\/blog\/wp-content\/uploads\/2020\/03\/xiaomi-redmi-k30-pro-frandroid.png?ssl=1\"><img data-recalc-dims=\"1\" loading=\"lazy\" decoding=\"async\" class=\"aligncenter size-full wp-image-27311\" src=\"https:\/\/i0.wp.com\/www.phonedroid.fr\/blog\/wp-content\/uploads\/2020\/03\/xiaomi-redmi-k30-pro-frandroid.png?resize=696%2C408&#038;ssl=1\" alt=\"Redmi K30 Pro 5G\" width=\"696\" height=\"408\" srcset=\"https:\/\/i0.wp.com\/www.phonedroid.fr\/blog\/wp-content\/uploads\/2020\/03\/xiaomi-redmi-k30-pro-frandroid.png?w=1069&amp;ssl=1 1069w, https:\/\/i0.wp.com\/www.phonedroid.fr\/blog\/wp-content\/uploads\/2020\/03\/xiaomi-redmi-k30-pro-frandroid.png?resize=300%2C176&amp;ssl=1 300w, https:\/\/i0.wp.com\/www.phonedroid.fr\/blog\/wp-content\/uploads\/2020\/03\/xiaomi-redmi-k30-pro-frandroid.png?resize=500%2C293&amp;ssl=1 500w, https:\/\/i0.wp.com\/www.phonedroid.fr\/blog\/wp-content\/uploads\/2020\/03\/xiaomi-redmi-k30-pro-frandroid.png?resize=150%2C88&amp;ssl=1 150w, https:\/\/i0.wp.com\/www.phonedroid.fr\/blog\/wp-content\/uploads\/2020\/03\/xiaomi-redmi-k30-pro-frandroid.png?resize=768%2C450&amp;ssl=1 768w, https:\/\/i0.wp.com\/www.phonedroid.fr\/blog\/wp-content\/uploads\/2020\/03\/xiaomi-redmi-k30-pro-frandroid.png?resize=600%2C351&amp;ssl=1 600w\" sizes=\"auto, (max-width: 696px) 100vw, 696px\" \/><\/a><\/p>\n<\/div><\/div><\/div><\/div><\/div><\/div>\n\n\n\n<div class=\"wp-block-ugb-accordion ugb-accordion ugb-bf1d110 ugb-accordion--v2 ugb-accordion--design-basic ugb-main-block\" aria-expanded=\"false\" id=\"\"><style>.ugb-bf1d110 .ugb-accordion__heading{background-color:#0693e3 !important}.ugb-bf1d110 .ugb-accordion__heading:before{background-image:linear-gradient(90deg,#0693e3 0%,#8ed1fc 100%) !important}.ugb-bf1d110 .ugb-accordion__title{color:#eeeeee}.ugb-bf1d110 .ugb-accordion__arrow{fill:#eeeeee}<\/style><div class=\"ugb-inner-block\"><div class=\"ugb-block-content\"><div class=\"ugb-accordion__item\"><div class=\"ugb-accordion__heading ugb--has-background-overlay\" role=\"button\" tabindex=\"0\"><h3 class=\"ugb-accordion__title\" role=\"heading\" aria-level=\"3\">Les m\u00eames caract\u00e9ristiques que le K30 Pro<\/h3><svg viewbox=\"0 0 20 20\" xmlns=\"http:\/\/www.w3.org\/2000\/svg\" class=\"ugb-accordion__arrow\" width=\"20\" height=\"20\"><path d=\"M16.7 3.3L10 10 3.3 3.4 0 6.7l10 10v-.1l10-9.9z\"><\/path><\/svg><\/div><div class=\"ugb-accordion__content\" role=\"region\"><div class=\"ugb-accordion__content-inner\">\n<p style=\"text-align: justify\">Pas de grande surprise concernant les sp\u00e9cificit\u00e9s de l&rsquo;appareil. Ainsi, nous retrouvons un <strong>\u00e9cran Full Bordeless gr\u00e2ce \u00e0 l&rsquo;adoption d&rsquo;une cam\u00e9ra Pop-Up<\/strong> comme la gamme Redmi K20. L&rsquo;\u00e9cran <strong>Super Amoled de 6.67 pouces<\/strong> avec un taux de rafra\u00eechissement de 60Hz opte pour une d\u00e9finition FHD+ de 1080 x 2400 pixels. Le rapport <strong>taille\/\u00e9cran culmine \u00e0 92.7%<\/strong>\u00a0offrant un magnifique \u00e9cran sans aucune encoche ou autre artifice. En outre,\u00a0<strong>la luminosit\u00e9 sera excellente avec 1200 nits, ainsi que le contraste avec un taux de 5.000.000 : 1<\/strong>.<\/p>\n<p><a href=\"https:\/\/i0.wp.com\/www.phonedroid.fr\/blog\/wp-content\/uploads\/2020\/03\/Redmi-K30-Pro-3.jpg?ssl=1\"><img data-recalc-dims=\"1\" loading=\"lazy\" decoding=\"async\" class=\"aligncenter size-full wp-image-27308\" src=\"https:\/\/i0.wp.com\/www.phonedroid.fr\/blog\/wp-content\/uploads\/2020\/03\/Redmi-K30-Pro-3.jpg?resize=628%2C684&#038;ssl=1\" alt=\"Redmi K30 Pro 5G\" width=\"628\" height=\"684\" srcset=\"https:\/\/i0.wp.com\/www.phonedroid.fr\/blog\/wp-content\/uploads\/2020\/03\/Redmi-K30-Pro-3.jpg?w=628&amp;ssl=1 628w, https:\/\/i0.wp.com\/www.phonedroid.fr\/blog\/wp-content\/uploads\/2020\/03\/Redmi-K30-Pro-3.jpg?resize=300%2C327&amp;ssl=1 300w, https:\/\/i0.wp.com\/www.phonedroid.fr\/blog\/wp-content\/uploads\/2020\/03\/Redmi-K30-Pro-3.jpg?resize=500%2C545&amp;ssl=1 500w, https:\/\/i0.wp.com\/www.phonedroid.fr\/blog\/wp-content\/uploads\/2020\/03\/Redmi-K30-Pro-3.jpg?resize=150%2C163&amp;ssl=1 150w, https:\/\/i0.wp.com\/www.phonedroid.fr\/blog\/wp-content\/uploads\/2020\/03\/Redmi-K30-Pro-3.jpg?resize=600%2C654&amp;ssl=1 600w\" sizes=\"auto, (max-width: 628px) 100vw, 628px\" \/><\/a><\/p>\n<\/div><\/div><\/div><\/div><\/div><\/div>\n\n\n\n<div class=\"wp-block-ugb-accordion ugb-accordion ugb-785afc3 ugb-accordion--v2 ugb-accordion--design-basic ugb-main-block\" aria-expanded=\"false\" id=\"\"><style>.ugb-785afc3 .ugb-accordion__heading{background-color:#8ed1fc !important}.ugb-785afc3 .ugb-accordion__heading:before{background-image:linear-gradient(90deg,#8ed1fc 0%,#0693e3 100%) !important}.ugb-785afc3 .ugb-accordion__title{color:#eeeeee}.ugb-785afc3 .ugb-accordion__arrow{fill:#eeeeee}<\/style><div class=\"ugb-inner-block\"><div class=\"ugb-block-content\"><div class=\"ugb-accordion__item\"><div class=\"ugb-accordion__heading ugb--has-background-overlay\" role=\"button\" tabindex=\"0\"><h3 class=\"ugb-accordion__title\" role=\"heading\" aria-level=\"3\">Qualcomm Snapdragon 865<\/h3><svg viewbox=\"0 0 20 20\" xmlns=\"http:\/\/www.w3.org\/2000\/svg\" class=\"ugb-accordion__arrow\" width=\"20\" height=\"20\"><path d=\"M16.7 3.3L10 10 3.3 3.4 0 6.7l10 10v-.1l10-9.9z\"><\/path><\/svg><\/div><div class=\"ugb-accordion__content\" role=\"region\"><div class=\"ugb-accordion__content-inner\">\n\n\n<p style=\"text-align: justify\">Concernant le processeur, nous retrouvons le surpuissant <strong>Qualcomm Snapdragon 865<\/strong> qui offre des performances stratosph\u00e9riques.<\/p>\n<p>Architectur\u00e9 autours d\u2019un Octo-Core,\u00a0 il int\u00e8gre <strong>\u00a0trois groupes de processeurs distincts<\/strong>\u00a0:<\/p>\n<ul>\n<li><strong><em>Un premier groupe class\u00e9 \u00e9conomique compos\u00e9 de quatre c\u0153urs ARM Cortex-A55 cadenc\u00e9s \u00e0 1.80Ghz.<\/em><\/strong><\/li>\n<li><strong><em>Un deuxi\u00e8me groupe dot\u00e9 de trois c\u0153urs ARM Cortex-A77 cadenc\u00e9s \u00e0 2.42Ghz.<\/em><\/strong><\/li>\n<li><strong><em>Un dernier c\u0153ur haute performance ARM Cortex-A7 cadenc\u00e9 \u00e0 2.84Ghz<\/em>.<\/strong><\/li>\n<\/ul>\n<p>Au niveau de la partie GPU, elle est d\u00e9volue \u00e0 un\u00a0<strong>\u00a0GPU Adreno 650 cadenc\u00e9 \u00e0 587Mhz.<\/strong><\/p>\n<p style=\"text-align: justify\">En outre, il int\u00e8gre un <strong>modem 5G<\/strong> permettant \u00e0 Poco de rentrer dans l&rsquo;air de la 5G!<\/p>\n<\/div><\/div><\/div><\/div><\/div><\/div>\n\n\n\n<div class=\"wp-block-ugb-accordion ugb-accordion ugb-b34dd1a ugb-accordion--v2 ugb-accordion--design-basic ugb-main-block\" aria-expanded=\"false\" id=\"\"><style>.ugb-b34dd1a .ugb-accordion__heading{background-color:#0693e3 !important}.ugb-b34dd1a .ugb-accordion__heading:before{background-image:linear-gradient(90deg,#0693e3 0%,#8ed1fc 100%) !important}.ugb-b34dd1a .ugb-accordion__title{color:#eeeeee}.ugb-b34dd1a .ugb-accordion__arrow{fill:#eeeeee}<\/style><div class=\"ugb-inner-block\"><div class=\"ugb-block-content\"><div class=\"ugb-accordion__item\"><div class=\"ugb-accordion__heading ugb--has-background-overlay\" role=\"button\" tabindex=\"0\"><h3 class=\"ugb-accordion__title\" role=\"heading\" aria-level=\"3\">Photo 100% made in Sony<\/h3><svg viewbox=\"0 0 20 20\" xmlns=\"http:\/\/www.w3.org\/2000\/svg\" class=\"ugb-accordion__arrow\" width=\"20\" height=\"20\"><path d=\"M16.7 3.3L10 10 3.3 3.4 0 6.7l10 10v-.1l10-9.9z\"><\/path><\/svg><\/div><div class=\"ugb-accordion__content\" role=\"region\"><div class=\"ugb-accordion__content-inner\">\n<p style=\"text-align: justify\">Pas de surprise \u00e0 l&rsquo;arri\u00e8re du smartphone qui reprend une conception identique au Redmi K30 Pro. La <strong>Quad Cam\u00e9ra dispos\u00e9e dans un \u00e9crin circulaire noir brillant<\/strong> <strong>opte pour une configuration Sony.<\/strong><\/p>\n<p style=\"text-align: justify\">Par cons\u00e9quent, le Poco F2 Pro est bard\u00e9 d&rsquo;un objectif principal <strong>Sony IMX 686 d&rsquo;une r\u00e9solution de 64Mpx<\/strong> associ\u00e9 \u00e0 :<\/p>\n<ul>\n<li><em>capteur Ultra Grand Angle d\u2019une r\u00e9solution de 13Mpx.<\/em><\/li>\n<li><em>t\u00e9l\u00e9objectif d\u2019une r\u00e9solution de 5Mpx.<\/em><\/li>\n<li><em>capteur de profondeur d\u2019une r\u00e9solution de 2Mp<\/em>x.<\/li>\n<\/ul>\n<p><a href=\"https:\/\/i0.wp.com\/www.phonedroid.fr\/blog\/wp-content\/uploads\/2020\/03\/Xiaomi-Redmi-K30-Pro-1.png?ssl=1\"><img data-recalc-dims=\"1\" loading=\"lazy\" decoding=\"async\" class=\"aligncenter size-full wp-image-27309\" src=\"https:\/\/i0.wp.com\/www.phonedroid.fr\/blog\/wp-content\/uploads\/2020\/03\/Xiaomi-Redmi-K30-Pro-1.png?resize=600%2C220&#038;ssl=1\" alt=\"Redmi K30 Pro 5G\" width=\"600\" height=\"220\" srcset=\"https:\/\/i0.wp.com\/www.phonedroid.fr\/blog\/wp-content\/uploads\/2020\/03\/Xiaomi-Redmi-K30-Pro-1.png?w=600&amp;ssl=1 600w, https:\/\/i0.wp.com\/www.phonedroid.fr\/blog\/wp-content\/uploads\/2020\/03\/Xiaomi-Redmi-K30-Pro-1.png?resize=300%2C110&amp;ssl=1 300w, https:\/\/i0.wp.com\/www.phonedroid.fr\/blog\/wp-content\/uploads\/2020\/03\/Xiaomi-Redmi-K30-Pro-1.png?resize=500%2C183&amp;ssl=1 500w, https:\/\/i0.wp.com\/www.phonedroid.fr\/blog\/wp-content\/uploads\/2020\/03\/Xiaomi-Redmi-K30-Pro-1.png?resize=150%2C55&amp;ssl=1 150w\" sizes=\"auto, (max-width: 600px) 100vw, 600px\" \/><\/a><\/p>\n<\/div><\/div><\/div><\/div><\/div><\/div>\n\n\n\n<div class=\"wp-block-ugb-accordion ugb-accordion ugb-7c0391c ugb-accordion--v2 ugb-accordion--design-basic ugb-main-block\" aria-expanded=\"false\" id=\"\"><style>.ugb-7c0391c .ugb-accordion__heading{background-color:#8ed1fc !important}.ugb-7c0391c .ugb-accordion__heading:before{background-image:linear-gradient(90deg,#8ed1fc 0%,#0693e3 100%) !important}.ugb-7c0391c .ugb-accordion__title{color:#eeeeee}.ugb-7c0391c .ugb-accordion__arrow{fill:#eeeeee}<\/style><div class=\"ugb-inner-block\"><div class=\"ugb-block-content\"><div class=\"ugb-accordion__item\"><div class=\"ugb-accordion__heading ugb--has-background-overlay\" role=\"button\" tabindex=\"0\"><h3 class=\"ugb-accordion__title\" role=\"heading\" aria-level=\"3\">Charge rapide 33W<\/h3><svg viewbox=\"0 0 20 20\" xmlns=\"http:\/\/www.w3.org\/2000\/svg\" class=\"ugb-accordion__arrow\" width=\"20\" height=\"20\"><path d=\"M16.7 3.3L10 10 3.3 3.4 0 6.7l10 10v-.1l10-9.9z\"><\/path><\/svg><\/div><div class=\"ugb-accordion__content\" role=\"region\"><div class=\"ugb-accordion__content-inner\">\n<p style=\"text-align: justify\">En ce qui concerne l\u2019autonomie, l&rsquo;appareil se voit int\u00e9gr\u00e9 une <strong>batterie d\u2019une capacit\u00e9 de 4700mAh<\/strong>. Par ailleurs, celle-ci est <strong>compatible charge rapide 33W<\/strong> permettant une charge compl\u00e8te en 63 minutes. Toutefois, aucune charge sans-fil n\u2019est disponible.<\/p>\n<p>\u00a0<\/p>\n<p style=\"text-align: justify\">Pour ce qui est du reste des caract\u00e9ristiques, le Poco F2 Pro se voit dot\u00e9 du : <strong>NFC \/ Jack 3.5 \/ USB Type-C \/ port infrarouge \/ Bluetooth 5.1 <\/strong>.<\/p>\n<\/div><\/div><\/div><\/div><\/div><\/div>\n\n\n\n<div class=\"wp-block-ugb-accordion ugb-accordion ugb-c2be378 ugb-accordion--v2 ugb-accordion--design-basic ugb-main-block\" aria-expanded=\"false\" id=\"\"><style>.ugb-c2be378 .ugb-accordion__heading{background-color:#0693e3 !important}.ugb-c2be378 .ugb-accordion__heading:before{background-image:linear-gradient(90deg,#0693e3 0%,#8ed1fc 100%) !important}.ugb-c2be378 .ugb-accordion__title{color:#eeeeee}.ugb-c2be378 .ugb-accordion__arrow{fill:#eeeeee}<\/style><div class=\"ugb-inner-block\"><div class=\"ugb-block-content\"><div class=\"ugb-accordion__item\"><div class=\"ugb-accordion__heading ugb--has-background-overlay\" role=\"button\" tabindex=\"0\"><h3 class=\"ugb-accordion__title\" role=\"heading\" aria-level=\"3\">Disponibilit\u00e9<\/h3><svg viewbox=\"0 0 20 20\" xmlns=\"http:\/\/www.w3.org\/2000\/svg\" class=\"ugb-accordion__arrow\" width=\"20\" height=\"20\"><path d=\"M16.7 3.3L10 10 3.3 3.4 0 6.7l10 10v-.1l10-9.9z\"><\/path><\/svg><\/div><div class=\"ugb-accordion__content\" role=\"region\"><div class=\"ugb-accordion__content-inner\">\n<p style=\"text-align: justify\"><strong>Comme stipul\u00e9 en introduction, le Poco F2 Pro va \u00eatre pr\u00e9sent\u00e9 le 12 mai prochain en Espagne pour une commercialisation Europ\u00e9enne dans la foul\u00e9e. M\u00eame si le prix officiel n&rsquo;a pas encore fuit\u00e9, le smartphone devrait avoisiner les 550\u20ac TTC, se d\u00e9marquant du prix ultra comp\u00e9titif du Poco F1<\/strong>.<\/p>\n<p><a href=\"https:\/\/i0.wp.com\/www.phonedroid.fr\/blog\/wp-content\/uploads\/2020\/03\/xiaomi-redmi-k30-pro.png?ssl=1\"><img data-recalc-dims=\"1\" loading=\"lazy\" decoding=\"async\" class=\"aligncenter size-full wp-image-27310\" src=\"https:\/\/i0.wp.com\/www.phonedroid.fr\/blog\/wp-content\/uploads\/2020\/03\/xiaomi-redmi-k30-pro.png?resize=696%2C464&#038;ssl=1\" alt=\"Redmi K30 Pro 5G\" width=\"696\" height=\"464\" srcset=\"https:\/\/i0.wp.com\/www.phonedroid.fr\/blog\/wp-content\/uploads\/2020\/03\/xiaomi-redmi-k30-pro.png?w=999&amp;ssl=1 999w, https:\/\/i0.wp.com\/www.phonedroid.fr\/blog\/wp-content\/uploads\/2020\/03\/xiaomi-redmi-k30-pro.png?resize=300%2C200&amp;ssl=1 300w, https:\/\/i0.wp.com\/www.phonedroid.fr\/blog\/wp-content\/uploads\/2020\/03\/xiaomi-redmi-k30-pro.png?resize=500%2C333&amp;ssl=1 500w, https:\/\/i0.wp.com\/www.phonedroid.fr\/blog\/wp-content\/uploads\/2020\/03\/xiaomi-redmi-k30-pro.png?resize=150%2C100&amp;ssl=1 150w, https:\/\/i0.wp.com\/www.phonedroid.fr\/blog\/wp-content\/uploads\/2020\/03\/xiaomi-redmi-k30-pro.png?resize=768%2C512&amp;ssl=1 768w, https:\/\/i0.wp.com\/www.phonedroid.fr\/blog\/wp-content\/uploads\/2020\/03\/xiaomi-redmi-k30-pro.png?resize=600%2C400&amp;ssl=1 600w\" sizes=\"auto, (max-width: 696px) 100vw, 696px\" \/><\/a><\/p>\n<\/div><\/div><\/div><\/div><\/div><\/div>\n","protected":false},"excerpt":{"rendered":"<p>C&rsquo;est officiel, Poco is back! La filiale de Xiaomi va marquer son retour en annon\u00e7ant le successeur du Poco F1. Malgr\u00e9 son \u00e9norme succ\u00e8s commercial, la marque Poco a \u00e9t\u00e9 laiss\u00e9e de c\u00f4t\u00e9 un long moment,\u00a0 pensant m\u00eame que Xiaomi l&rsquo;avait tout bonnement abandonn\u00e9e. Mais, il n&rsquo;en est rien, le Poco F2 Pro va \u00eatre [&hellip;]<\/p>\n","protected":false},"author":32,"featured_media":27433,"comment_status":"open","ping_status":"open","sticky":false,"template":"","format":"standard","meta":{"_jetpack_memberships_contains_paid_content":false,"footnotes":""},"categories":[623,4194,4431],"tags":[],"class_list":{"0":"post-27432","1":"post","2":"type-post","3":"status-publish","4":"format-standard","5":"has-post-thumbnail","7":"category-actualite-smartphone-chinois","8":"category-fabricant","9":"category-poco"},"yoast_head":"<!-- This site is optimized with the Yoast SEO plugin v27.5 - https:\/\/yoast.com\/product\/yoast-seo-wordpress\/ -->\n<title>Poco F2 Pro : le retour du Flagship Killer en Europe le 12 mai! \u2022 Actualit\u00e9 Smartphone et Tablette - PhoneDroid<\/title>\n<meta name=\"description\" content=\"Le Poco F2 Pro relance la marque Poco en Europe! Rendez-vous le 12 mai prochain pour la commercialisation du jumeau du Redmi K30 Pro 5G!\" \/>\n<meta name=\"robots\" content=\"index, follow, max-snippet:-1, max-image-preview:large, max-video-preview:-1\" \/>\n<link rel=\"canonical\" href=\"https:\/\/www.phonedroid.fr\/blog\/poco-f2-pro\/\" \/>\n<meta property=\"og:locale\" content=\"fr_FR\" \/>\n<meta property=\"og:type\" content=\"article\" \/>\n<meta property=\"og:title\" content=\"Poco F2 Pro : le retour du Flagship Killer en Europe le 12 mai! \u2022 Actualit\u00e9 Smartphone et Tablette - PhoneDroid\" \/>\n<meta property=\"og:description\" content=\"Le Poco F2 Pro relance la marque Poco en Europe! Rendez-vous le 12 mai prochain pour la commercialisation du jumeau du Redmi K30 Pro 5G!\" \/>\n<meta property=\"og:url\" content=\"https:\/\/www.phonedroid.fr\/blog\/poco-f2-pro\/\" \/>\n<meta property=\"og:site_name\" content=\"Actualit\u00e9 Smartphone et Tablette - PhoneDroid\" \/>\n<meta property=\"article:publisher\" content=\"https:\/\/www.facebook.com\/pages\/Phonedroidfr\/503759289696160\" \/>\n<meta property=\"article:published_time\" content=\"2020-05-08T07:28:22+00:00\" \/>\n<meta property=\"article:modified_time\" content=\"2020-05-08T07:28:24+00:00\" \/>\n<meta property=\"og:image\" content=\"https:\/\/i0.wp.com\/www.phonedroid.fr\/blog\/wp-content\/uploads\/2020\/05\/pf2.png?fit=544%2C389&ssl=1\" \/>\n\t<meta property=\"og:image:width\" content=\"544\" \/>\n\t<meta property=\"og:image:height\" content=\"389\" \/>\n\t<meta property=\"og:image:type\" content=\"image\/png\" \/>\n<meta name=\"author\" content=\"Fabrice\" \/>\n<meta name=\"twitter:label1\" content=\"\u00c9crit par\" \/>\n\t<meta name=\"twitter:data1\" content=\"Fabrice\" \/>\n\t<meta name=\"twitter:label2\" content=\"Dur\u00e9e de lecture estim\u00e9e\" \/>\n\t<meta name=\"twitter:data2\" content=\"3 minutes\" \/>\n<script type=\"application\/ld+json\" class=\"yoast-schema-graph\">{\"@context\":\"https:\\\/\\\/schema.org\",\"@graph\":[{\"@type\":\"Article\",\"@id\":\"https:\\\/\\\/www.phonedroid.fr\\\/blog\\\/poco-f2-pro\\\/#article\",\"isPartOf\":{\"@id\":\"https:\\\/\\\/www.phonedroid.fr\\\/blog\\\/poco-f2-pro\\\/\"},\"author\":{\"name\":\"Fabrice\",\"@id\":\"https:\\\/\\\/www.phonedroid.fr\\\/blog\\\/#\\\/schema\\\/person\\\/23bfc040c2a2be69f6fa05923b083c6f\"},\"headline\":\"Poco F2 Pro : le retour du Flagship Killer en Europe le 12 mai!\",\"datePublished\":\"2020-05-08T07:28:22+00:00\",\"dateModified\":\"2020-05-08T07:28:24+00:00\",\"mainEntityOfPage\":{\"@id\":\"https:\\\/\\\/www.phonedroid.fr\\\/blog\\\/poco-f2-pro\\\/\"},\"wordCount\":578,\"commentCount\":0,\"publisher\":{\"@id\":\"https:\\\/\\\/www.phonedroid.fr\\\/blog\\\/#organization\"},\"image\":{\"@id\":\"https:\\\/\\\/www.phonedroid.fr\\\/blog\\\/poco-f2-pro\\\/#primaryimage\"},\"thumbnailUrl\":\"https:\\\/\\\/i0.wp.com\\\/www.phonedroid.fr\\\/blog\\\/wp-content\\\/uploads\\\/2020\\\/05\\\/pf2.png?fit=544%2C389&ssl=1\",\"articleSection\":[\"Actualit\u00e9 smartphone chinois\",\"Fabricant\",\"Poco\"],\"inLanguage\":\"fr-FR\",\"potentialAction\":[{\"@type\":\"CommentAction\",\"name\":\"Comment\",\"target\":[\"https:\\\/\\\/www.phonedroid.fr\\\/blog\\\/poco-f2-pro\\\/#respond\"]}]},{\"@type\":\"WebPage\",\"@id\":\"https:\\\/\\\/www.phonedroid.fr\\\/blog\\\/poco-f2-pro\\\/\",\"url\":\"https:\\\/\\\/www.phonedroid.fr\\\/blog\\\/poco-f2-pro\\\/\",\"name\":\"Poco F2 Pro : le retour du Flagship Killer en Europe le 12 mai! \u2022 Actualit\u00e9 Smartphone et Tablette - PhoneDroid\",\"isPartOf\":{\"@id\":\"https:\\\/\\\/www.phonedroid.fr\\\/blog\\\/#website\"},\"primaryImageOfPage\":{\"@id\":\"https:\\\/\\\/www.phonedroid.fr\\\/blog\\\/poco-f2-pro\\\/#primaryimage\"},\"image\":{\"@id\":\"https:\\\/\\\/www.phonedroid.fr\\\/blog\\\/poco-f2-pro\\\/#primaryimage\"},\"thumbnailUrl\":\"https:\\\/\\\/i0.wp.com\\\/www.phonedroid.fr\\\/blog\\\/wp-content\\\/uploads\\\/2020\\\/05\\\/pf2.png?fit=544%2C389&ssl=1\",\"datePublished\":\"2020-05-08T07:28:22+00:00\",\"dateModified\":\"2020-05-08T07:28:24+00:00\",\"description\":\"Le Poco F2 Pro relance la marque Poco en Europe! Rendez-vous le 12 mai prochain pour la commercialisation du jumeau du Redmi K30 Pro 5G!\",\"breadcrumb\":{\"@id\":\"https:\\\/\\\/www.phonedroid.fr\\\/blog\\\/poco-f2-pro\\\/#breadcrumb\"},\"inLanguage\":\"fr-FR\",\"potentialAction\":[{\"@type\":\"ReadAction\",\"target\":[\"https:\\\/\\\/www.phonedroid.fr\\\/blog\\\/poco-f2-pro\\\/\"]}]},{\"@type\":\"ImageObject\",\"inLanguage\":\"fr-FR\",\"@id\":\"https:\\\/\\\/www.phonedroid.fr\\\/blog\\\/poco-f2-pro\\\/#primaryimage\",\"url\":\"https:\\\/\\\/i0.wp.com\\\/www.phonedroid.fr\\\/blog\\\/wp-content\\\/uploads\\\/2020\\\/05\\\/pf2.png?fit=544%2C389&ssl=1\",\"contentUrl\":\"https:\\\/\\\/i0.wp.com\\\/www.phonedroid.fr\\\/blog\\\/wp-content\\\/uploads\\\/2020\\\/05\\\/pf2.png?fit=544%2C389&ssl=1\",\"width\":544,\"height\":389,\"caption\":\"Poco F2 Pro\"},{\"@type\":\"BreadcrumbList\",\"@id\":\"https:\\\/\\\/www.phonedroid.fr\\\/blog\\\/poco-f2-pro\\\/#breadcrumb\",\"itemListElement\":[{\"@type\":\"ListItem\",\"position\":1,\"name\":\"Accueil\",\"item\":\"https:\\\/\\\/www.phonedroid.fr\\\/blog\\\/\"},{\"@type\":\"ListItem\",\"position\":2,\"name\":\"Poco F2 Pro : le retour du Flagship Killer en Europe le 12 mai!\"}]},{\"@type\":\"WebSite\",\"@id\":\"https:\\\/\\\/www.phonedroid.fr\\\/blog\\\/#website\",\"url\":\"https:\\\/\\\/www.phonedroid.fr\\\/blog\\\/\",\"name\":\"Actualit\u00e9 Smartphone et Tablette - PhoneDroid\",\"description\":\"Toutes les news sur les smartphones et tablettes Android !\",\"publisher\":{\"@id\":\"https:\\\/\\\/www.phonedroid.fr\\\/blog\\\/#organization\"},\"potentialAction\":[{\"@type\":\"SearchAction\",\"target\":{\"@type\":\"EntryPoint\",\"urlTemplate\":\"https:\\\/\\\/www.phonedroid.fr\\\/blog\\\/?s={search_term_string}\"},\"query-input\":{\"@type\":\"PropertyValueSpecification\",\"valueRequired\":true,\"valueName\":\"search_term_string\"}}],\"inLanguage\":\"fr-FR\"},{\"@type\":\"Organization\",\"@id\":\"https:\\\/\\\/www.phonedroid.fr\\\/blog\\\/#organization\",\"name\":\"PhoneDroid\",\"url\":\"https:\\\/\\\/www.phonedroid.fr\\\/blog\\\/\",\"logo\":{\"@type\":\"ImageObject\",\"inLanguage\":\"fr-FR\",\"@id\":\"https:\\\/\\\/www.phonedroid.fr\\\/blog\\\/#\\\/schema\\\/logo\\\/image\\\/\",\"url\":\"https:\\\/\\\/i0.wp.com\\\/www.phonedroid.fr\\\/blog\\\/wp-content\\\/uploads\\\/2024\\\/08\\\/PHONE-DROID_logotype.png?fit=280%2C80&ssl=1\",\"contentUrl\":\"https:\\\/\\\/i0.wp.com\\\/www.phonedroid.fr\\\/blog\\\/wp-content\\\/uploads\\\/2024\\\/08\\\/PHONE-DROID_logotype.png?fit=280%2C80&ssl=1\",\"width\":280,\"height\":80,\"caption\":\"PhoneDroid\"},\"image\":{\"@id\":\"https:\\\/\\\/www.phonedroid.fr\\\/blog\\\/#\\\/schema\\\/logo\\\/image\\\/\"},\"sameAs\":[\"https:\\\/\\\/www.facebook.com\\\/pages\\\/Phonedroidfr\\\/503759289696160\",\"https:\\\/\\\/x.com\\\/PhoneDroid_fr\"]},{\"@type\":\"Person\",\"@id\":\"https:\\\/\\\/www.phonedroid.fr\\\/blog\\\/#\\\/schema\\\/person\\\/23bfc040c2a2be69f6fa05923b083c6f\",\"name\":\"Fabrice\",\"image\":{\"@type\":\"ImageObject\",\"inLanguage\":\"fr-FR\",\"@id\":\"https:\\\/\\\/secure.gravatar.com\\\/avatar\\\/913c92948cee2529e5b2416104dae66f1660150c5940008f73ddf6fbb5140506?s=96&r=g\",\"url\":\"https:\\\/\\\/secure.gravatar.com\\\/avatar\\\/913c92948cee2529e5b2416104dae66f1660150c5940008f73ddf6fbb5140506?s=96&r=g\",\"contentUrl\":\"https:\\\/\\\/secure.gravatar.com\\\/avatar\\\/913c92948cee2529e5b2416104dae66f1660150c5940008f73ddf6fbb5140506?s=96&r=g\",\"caption\":\"Fabrice\"},\"description\":\"Contact : redacteur-phonedroid@outlook.fr Mes passions sont le Running et les smartphones Chinois. J'adore aussi tout ce qui touche aux objets connect\u00e9s et la domotique.\",\"url\":\"https:\\\/\\\/www.phonedroid.fr\\\/blog\\\/author\\\/jeunedroid\\\/\"}]}<\/script>\n<!-- \/ Yoast SEO plugin. -->","yoast_head_json":{"title":"Poco F2 Pro : le retour du Flagship Killer en Europe le 12 mai! \u2022 Actualit\u00e9 Smartphone et Tablette - PhoneDroid","description":"Le Poco F2 Pro relance la marque Poco en Europe! Rendez-vous le 12 mai prochain pour la commercialisation du jumeau du Redmi K30 Pro 5G!","robots":{"index":"index","follow":"follow","max-snippet":"max-snippet:-1","max-image-preview":"max-image-preview:large","max-video-preview":"max-video-preview:-1"},"canonical":"https:\/\/www.phonedroid.fr\/blog\/poco-f2-pro\/","og_locale":"fr_FR","og_type":"article","og_title":"Poco F2 Pro : le retour du Flagship Killer en Europe le 12 mai! \u2022 Actualit\u00e9 Smartphone et Tablette - PhoneDroid","og_description":"Le Poco F2 Pro relance la marque Poco en Europe! Rendez-vous le 12 mai prochain pour la commercialisation du jumeau du Redmi K30 Pro 5G!","og_url":"https:\/\/www.phonedroid.fr\/blog\/poco-f2-pro\/","og_site_name":"Actualit\u00e9 Smartphone et Tablette - PhoneDroid","article_publisher":"https:\/\/www.facebook.com\/pages\/Phonedroidfr\/503759289696160","article_published_time":"2020-05-08T07:28:22+00:00","article_modified_time":"2020-05-08T07:28:24+00:00","og_image":[{"width":544,"height":389,"url":"https:\/\/i0.wp.com\/www.phonedroid.fr\/blog\/wp-content\/uploads\/2020\/05\/pf2.png?fit=544%2C389&ssl=1","type":"image\/png"}],"author":"Fabrice","twitter_misc":{"\u00c9crit par":"Fabrice","Dur\u00e9e de lecture estim\u00e9e":"3 minutes"},"schema":{"@context":"https:\/\/schema.org","@graph":[{"@type":"Article","@id":"https:\/\/www.phonedroid.fr\/blog\/poco-f2-pro\/#article","isPartOf":{"@id":"https:\/\/www.phonedroid.fr\/blog\/poco-f2-pro\/"},"author":{"name":"Fabrice","@id":"https:\/\/www.phonedroid.fr\/blog\/#\/schema\/person\/23bfc040c2a2be69f6fa05923b083c6f"},"headline":"Poco F2 Pro : le retour du Flagship Killer en Europe le 12 mai!","datePublished":"2020-05-08T07:28:22+00:00","dateModified":"2020-05-08T07:28:24+00:00","mainEntityOfPage":{"@id":"https:\/\/www.phonedroid.fr\/blog\/poco-f2-pro\/"},"wordCount":578,"commentCount":0,"publisher":{"@id":"https:\/\/www.phonedroid.fr\/blog\/#organization"},"image":{"@id":"https:\/\/www.phonedroid.fr\/blog\/poco-f2-pro\/#primaryimage"},"thumbnailUrl":"https:\/\/i0.wp.com\/www.phonedroid.fr\/blog\/wp-content\/uploads\/2020\/05\/pf2.png?fit=544%2C389&ssl=1","articleSection":["Actualit\u00e9 smartphone chinois","Fabricant","Poco"],"inLanguage":"fr-FR","potentialAction":[{"@type":"CommentAction","name":"Comment","target":["https:\/\/www.phonedroid.fr\/blog\/poco-f2-pro\/#respond"]}]},{"@type":"WebPage","@id":"https:\/\/www.phonedroid.fr\/blog\/poco-f2-pro\/","url":"https:\/\/www.phonedroid.fr\/blog\/poco-f2-pro\/","name":"Poco F2 Pro : le retour du Flagship Killer en Europe le 12 mai! \u2022 Actualit\u00e9 Smartphone et Tablette - PhoneDroid","isPartOf":{"@id":"https:\/\/www.phonedroid.fr\/blog\/#website"},"primaryImageOfPage":{"@id":"https:\/\/www.phonedroid.fr\/blog\/poco-f2-pro\/#primaryimage"},"image":{"@id":"https:\/\/www.phonedroid.fr\/blog\/poco-f2-pro\/#primaryimage"},"thumbnailUrl":"https:\/\/i0.wp.com\/www.phonedroid.fr\/blog\/wp-content\/uploads\/2020\/05\/pf2.png?fit=544%2C389&ssl=1","datePublished":"2020-05-08T07:28:22+00:00","dateModified":"2020-05-08T07:28:24+00:00","description":"Le Poco F2 Pro relance la marque Poco en Europe! Rendez-vous le 12 mai prochain pour la commercialisation du jumeau du Redmi K30 Pro 5G!","breadcrumb":{"@id":"https:\/\/www.phonedroid.fr\/blog\/poco-f2-pro\/#breadcrumb"},"inLanguage":"fr-FR","potentialAction":[{"@type":"ReadAction","target":["https:\/\/www.phonedroid.fr\/blog\/poco-f2-pro\/"]}]},{"@type":"ImageObject","inLanguage":"fr-FR","@id":"https:\/\/www.phonedroid.fr\/blog\/poco-f2-pro\/#primaryimage","url":"https:\/\/i0.wp.com\/www.phonedroid.fr\/blog\/wp-content\/uploads\/2020\/05\/pf2.png?fit=544%2C389&ssl=1","contentUrl":"https:\/\/i0.wp.com\/www.phonedroid.fr\/blog\/wp-content\/uploads\/2020\/05\/pf2.png?fit=544%2C389&ssl=1","width":544,"height":389,"caption":"Poco F2 Pro"},{"@type":"BreadcrumbList","@id":"https:\/\/www.phonedroid.fr\/blog\/poco-f2-pro\/#breadcrumb","itemListElement":[{"@type":"ListItem","position":1,"name":"Accueil","item":"https:\/\/www.phonedroid.fr\/blog\/"},{"@type":"ListItem","position":2,"name":"Poco F2 Pro : le retour du Flagship Killer en Europe le 12 mai!"}]},{"@type":"WebSite","@id":"https:\/\/www.phonedroid.fr\/blog\/#website","url":"https:\/\/www.phonedroid.fr\/blog\/","name":"Actualit\u00e9 Smartphone et Tablette - PhoneDroid","description":"Toutes les news sur les smartphones et tablettes Android !","publisher":{"@id":"https:\/\/www.phonedroid.fr\/blog\/#organization"},"potentialAction":[{"@type":"SearchAction","target":{"@type":"EntryPoint","urlTemplate":"https:\/\/www.phonedroid.fr\/blog\/?s={search_term_string}"},"query-input":{"@type":"PropertyValueSpecification","valueRequired":true,"valueName":"search_term_string"}}],"inLanguage":"fr-FR"},{"@type":"Organization","@id":"https:\/\/www.phonedroid.fr\/blog\/#organization","name":"PhoneDroid","url":"https:\/\/www.phonedroid.fr\/blog\/","logo":{"@type":"ImageObject","inLanguage":"fr-FR","@id":"https:\/\/www.phonedroid.fr\/blog\/#\/schema\/logo\/image\/","url":"https:\/\/i0.wp.com\/www.phonedroid.fr\/blog\/wp-content\/uploads\/2024\/08\/PHONE-DROID_logotype.png?fit=280%2C80&ssl=1","contentUrl":"https:\/\/i0.wp.com\/www.phonedroid.fr\/blog\/wp-content\/uploads\/2024\/08\/PHONE-DROID_logotype.png?fit=280%2C80&ssl=1","width":280,"height":80,"caption":"PhoneDroid"},"image":{"@id":"https:\/\/www.phonedroid.fr\/blog\/#\/schema\/logo\/image\/"},"sameAs":["https:\/\/www.facebook.com\/pages\/Phonedroidfr\/503759289696160","https:\/\/x.com\/PhoneDroid_fr"]},{"@type":"Person","@id":"https:\/\/www.phonedroid.fr\/blog\/#\/schema\/person\/23bfc040c2a2be69f6fa05923b083c6f","name":"Fabrice","image":{"@type":"ImageObject","inLanguage":"fr-FR","@id":"https:\/\/secure.gravatar.com\/avatar\/913c92948cee2529e5b2416104dae66f1660150c5940008f73ddf6fbb5140506?s=96&r=g","url":"https:\/\/secure.gravatar.com\/avatar\/913c92948cee2529e5b2416104dae66f1660150c5940008f73ddf6fbb5140506?s=96&r=g","contentUrl":"https:\/\/secure.gravatar.com\/avatar\/913c92948cee2529e5b2416104dae66f1660150c5940008f73ddf6fbb5140506?s=96&r=g","caption":"Fabrice"},"description":"Contact : redacteur-phonedroid@outlook.fr Mes passions sont le Running et les smartphones Chinois. J'adore aussi tout ce qui touche aux objets connect\u00e9s et la domotique.","url":"https:\/\/www.phonedroid.fr\/blog\/author\/jeunedroid\/"}]}},"jetpack_featured_media_url":"https:\/\/i0.wp.com\/www.phonedroid.fr\/blog\/wp-content\/uploads\/2020\/05\/pf2.png?fit=544%2C389&ssl=1","jetpack_sharing_enabled":true,"_links":{"self":[{"href":"https:\/\/www.phonedroid.fr\/blog\/wp-json\/wp\/v2\/posts\/27432","targetHints":{"allow":["GET"]}}],"collection":[{"href":"https:\/\/www.phonedroid.fr\/blog\/wp-json\/wp\/v2\/posts"}],"about":[{"href":"https:\/\/www.phonedroid.fr\/blog\/wp-json\/wp\/v2\/types\/post"}],"author":[{"embeddable":true,"href":"https:\/\/www.phonedroid.fr\/blog\/wp-json\/wp\/v2\/users\/32"}],"replies":[{"embeddable":true,"href":"https:\/\/www.phonedroid.fr\/blog\/wp-json\/wp\/v2\/comments?post=27432"}],"version-history":[{"count":2,"href":"https:\/\/www.phonedroid.fr\/blog\/wp-json\/wp\/v2\/posts\/27432\/revisions"}],"predecessor-version":[{"id":27435,"href":"https:\/\/www.phonedroid.fr\/blog\/wp-json\/wp\/v2\/posts\/27432\/revisions\/27435"}],"wp:featuredmedia":[{"embeddable":true,"href":"https:\/\/www.phonedroid.fr\/blog\/wp-json\/wp\/v2\/media\/27433"}],"wp:attachment":[{"href":"https:\/\/www.phonedroid.fr\/blog\/wp-json\/wp\/v2\/media?parent=27432"}],"wp:term":[{"taxonomy":"category","embeddable":true,"href":"https:\/\/www.phonedroid.fr\/blog\/wp-json\/wp\/v2\/categories?post=27432"},{"taxonomy":"post_tag","embeddable":true,"href":"https:\/\/www.phonedroid.fr\/blog\/wp-json\/wp\/v2\/tags?post=27432"}],"curies":[{"name":"wp","href":"https:\/\/api.w.org\/{rel}","templated":true}]}}